{"id":458,"date":"2025-11-27T08:50:13","date_gmt":"2025-11-27T08:50:13","guid":{"rendered":"https:\/\/suoredellepoverelle.it\/rivistacharitas\/?p=458"},"modified":"2025-11-27T08:50:14","modified_gmt":"2025-11-27T08:50:14","slug":"editoriale","status":"publish","type":"post","link":"https:\/\/suoredellepoverelle.it\/rivistacharitas\/index.php\/2025\/11\/27\/editoriale\/","title":{"rendered":"EDITORIALE"},"content":{"rendered":"\n<h2 class=\"wp-block-heading\">TRA PRESENTE E PASSATO: UN CAMMINO CHE CONTINUA<\/h2>\n\n\n\n<p>Con l\u2019arrivo dell\u2019estate la nostra rivista si colora di nuove esperienze e di iniziative pensate per i pi\u00f9 giovani. Attivit\u00e0 all\u2019aperto, momenti di condivisione e percorsi formativi offrono l\u2019occasione di vivere insieme il tempo estivo non solo come pausa, ma come opportunit\u00e0 di crescita, di incontro e di scoperta.<br>Accanto a questo sguardo rivolto al presente e al futuro, apriamo una nuova rubrica che ci conduce alle radici della nostra storia: Un tuffo nel passato. In queste pagine troverete episodi, ricordi e testimonianze legate alle prime suore dell\u2019Istituto, donne coraggiose che hanno tracciato i sentieri su cui ancora oggi camminiamo. Una memoria viva, capace di illuminare il presente e di trasmettere il valore di una fedelt\u00e0 che dura nel tempo.<br>Infine, una novit\u00e0 importante: da questo numero la rivista \u00e8 disponibile anche su cellulare all\u2019indirizzo www.rivistacharitas.it, per permettere a tutti di leggerla e portarla con s\u00e9 in ogni momento della giornata.<br>Vi invitiamo a sfogliare queste pagine, a lasciarvi coinvolgere dalle proposte e a sentirvi parte di una comunit\u00e0 che guarda avanti senza dimenticare le proprie radici.<\/p>\n","protected":false},"excerpt":{"rendered":"<p>TRA PRESENTE E PASSATO: UN CAMMINO CHE CONTINUA Con l\u2019arrivo dell\u2019estate la nostra rivista si colora di nuove esperienze e di iniziative pensate per i pi\u00f9 giovani. Attivit\u00e0 all\u2019aperto, momenti di condivisione e percorsi formativi offrono l\u2019occasione di vivere insieme il tempo estivo non solo come pausa, ma come opportunit\u00e0 di crescita, di incontro e [&hellip;]<\/p>\n","protected":false},"author":2,"featured_media":450,"comment_status":"open","ping_status":"open","sticky":false,"template":"","format":"standard","meta":{"footnotes":""},"categories":[37],"tags":[],"class_list":{"0":"post-458","1":"post","2":"type-post","3":"status-publish","4":"format-standard","5":"has-post-thumbnail","7":"category-editoriale"},"_links":{"self":[{"href":"https:\/\/suoredellepoverelle.it\/rivistacharitas\/index.php\/wp-json\/wp\/v2\/posts\/458","targetHints":{"allow":["GET"]}}],"collection":[{"href":"https:\/\/suoredellepoverelle.it\/rivistacharitas\/index.php\/wp-json\/wp\/v2\/posts"}],"about":[{"href":"https:\/\/suoredellepoverelle.it\/rivistacharitas\/index.php\/wp-json\/wp\/v2\/types\/post"}],"author":[{"embeddable":true,"href":"https:\/\/suoredellepoverelle.it\/rivistacharitas\/index.php\/wp-json\/wp\/v2\/users\/2"}],"replies":[{"embeddable":true,"href":"https:\/\/suoredellepoverelle.it\/rivistacharitas\/index.php\/wp-json\/wp\/v2\/comments?post=458"}],"version-history":[{"count":1,"href":"https:\/\/suoredellepoverelle.it\/rivistacharitas\/index.php\/wp-json\/wp\/v2\/posts\/458\/revisions"}],"predecessor-version":[{"id":459,"href":"https:\/\/suoredellepoverelle.it\/rivistacharitas\/index.php\/wp-json\/wp\/v2\/posts\/458\/revisions\/459"}],"wp:featuredmedia":[{"embeddable":true,"href":"https:\/\/suoredellepoverelle.it\/rivistacharitas\/index.php\/wp-json\/wp\/v2\/media\/450"}],"wp:attachment":[{"href":"https:\/\/suoredellepoverelle.it\/rivistacharitas\/index.php\/wp-json\/wp\/v2\/media?parent=458"}],"wp:term":[{"taxonomy":"category","embeddable":true,"href":"https:\/\/suoredellepoverelle.it\/rivistacharitas\/index.php\/wp-json\/wp\/v2\/categories?post=458"},{"taxonomy":"post_tag","embeddable":true,"href":"https:\/\/suoredellepoverelle.it\/rivistacharitas\/index.php\/wp-json\/wp\/v2\/tags?post=458"}],"curies":[{"name":"wp","href":"https:\/\/api.w.org\/{rel}","templated":true}]}}