{"id":434,"date":"2025-11-25T15:30:17","date_gmt":"2025-11-25T15:30:17","guid":{"rendered":"https:\/\/suoredellepoverelle.it\/rivistacharitas\/?p=434"},"modified":"2025-11-25T15:30:18","modified_gmt":"2025-11-25T15:30:18","slug":"suor-pierrosa-manfredini","status":"publish","type":"post","link":"https:\/\/suoredellepoverelle.it\/rivistacharitas\/index.php\/2025\/11\/25\/suor-pierrosa-manfredini\/","title":{"rendered":"SUOR PIERROSA MANFREDINI"},"content":{"rendered":"\n<p><em>Nata a Orzinuovi (BS) il 5 gennaio 1925, professa il 19 settembre 1945, <\/em><em>deceduta a Bergamo S. Cuore il 10 settembre 2025<\/em><\/p>\n\n\n\n<p>Suor Pierrosa, che nel Battesimo ricevuto il giorno seguente la nascita \u00e8 stata chiamata con il nome di Paolina, alla bella et\u00e0 di 100 anni compiuti, ha finalmente raggiunto il tanto amato e desiderato Signore della sua vita!<\/p>\n\n\n\n<p>In famiglia aveva imparato a conoscere l\u2019amore del Signore e a viverlo verso i fratelli. All\u2019et\u00e0 di 18 anni, lascia il paese e raggiunge le Suore delle Poverelle in Bergamo, per seguire il cammino formativo richiesto per realizzare la vocazione che porta in cuore, cio\u00e8 consacrare la sua vita al Signore.<\/p>\n\n\n\n<p>Emessi i Primi Voti, rinnovati in perpetuo l\u20198 ottobre 1951, vive dal 1945 al 1948 a Milano, via Vincenzo da Seregno, come studente, dove consegue il diploma di infermiera e caposala. Viene quindi inviata nella comunit\u00e0 che opera nell\u2019ospedale di Dergano (MI), ove rimane per ben 24 anni, svolgendo nell\u2019ultimo periodo anche il compito di superiora di comunit\u00e0. Nel 1972, dopo una breve permanenza di qualche mese nella Casa di Cura di Bergamo, viene trasferita nell\u2019ospedale di Faido, in Svizzera; nel 1986, ancora dopo un breve periodo nella Casa di Cura di Bergamo, \u00e8 inserita nella comunit\u00e0 di via Fratelli Bronzetti, a Brescia, per svolgere un servizio di accoglienza. Nel 1999 \u00e8 inviata a Grumello del Monte (BG)in Casa Fiorina, per l\u2019aiuto alle Sorelle anziane e malate e vi rimane poi per il venir meno della sua salute. Nel 2024, per l\u2019aggravarsi della sua situazione passa nella Residenza Sanitaria Assistenziale Sacro Cuore del Villaggio Teresa Gabrieli di Bergamo, dove con le altre Sorelle vive l\u2019ultimo anno di vita con tanta serenit\u00e0 e gioia, ringraziando il Signore di aver raggiunto il traguardo dei cento anni!<\/p>\n\n\n\n<p>Tutta la sua vita \u00e8 stata intessuta di un servizio caritatevole e attento agli ammalati, con il suo umorismo e la sua simpatia, con la comprensione e la professionalit\u00e0.<\/p>\n\n\n\n<p>Finch\u00e9 \u00e8 riuscita, Suor Pierrosa ha svolto piccoli servizi per far contente le Sorelle pi\u00f9 bisognose di lei, poi ha accettato con serenit\u00e0 di essere lei stessa curata e servita. Attingeva forza dall\u2019incontro quotidiano con il Signore Ges\u00f9 nella Parola e nell\u2019Eucarestia. Ha saputo essere discepola del Signore, compiendo nella sua vita un cammino che l\u2019ha portata ad assomigliare sempre pi\u00f9 a Ges\u00f9, crescendo nella relazione con il Padre e nella generosa disponibilit\u00e0 verso i fratelli e le sorelle. Chi l\u2019ha incontrata ha potuto godere della gioia che lei sapeva comunicare sempre; infatti si \u00e8 dimostrata contenta della sua vita sia nel tempo della salute come in quello della malattia, perch\u00e9 certa di essere nella volont\u00e0 di Dio Padre buono. Portiamo nel cuore la serenit\u00e0 che l\u2019ha accompagnata fino all\u2019ultimo momento.<\/p>\n\n\n\n<p>Ricordati di tutti, Suor Pierrosa carissima, e riposa in pace!<\/p>\n","protected":false},"excerpt":{"rendered":"<p>Nata a Orzinuovi (BS) il 5 gennaio 1925, professa il 19 settembre 1945, deceduta a Bergamo S. Cuore il 10 settembre 2025 Suor Pierrosa, che nel Battesimo ricevuto il giorno seguente la nascita \u00e8 stata chiamata con il nome di Paolina, alla bella et\u00e0 di 100 anni compiuti, ha finalmente raggiunto il tanto amato e [&hellip;]<\/p>\n","protected":false},"author":2,"featured_media":435,"comment_status":"open","ping_status":"open","sticky":false,"template":"","format":"standard","meta":{"footnotes":""},"categories":[36],"tags":[],"class_list":{"0":"post-434","1":"post","2":"type-post","3":"status-publish","4":"format-standard","5":"has-post-thumbnail","7":"category-donne-di-fede-e-di-speranza"},"_links":{"self":[{"href":"https:\/\/suoredellepoverelle.it\/rivistacharitas\/index.php\/wp-json\/wp\/v2\/posts\/434","targetHints":{"allow":["GET"]}}],"collection":[{"href":"https:\/\/suoredellepoverelle.it\/rivistacharitas\/index.php\/wp-json\/wp\/v2\/posts"}],"about":[{"href":"https:\/\/suoredellepoverelle.it\/rivistacharitas\/index.php\/wp-json\/wp\/v2\/types\/post"}],"author":[{"embeddable":true,"href":"https:\/\/suoredellepoverelle.it\/rivistacharitas\/index.php\/wp-json\/wp\/v2\/users\/2"}],"replies":[{"embeddable":true,"href":"https:\/\/suoredellepoverelle.it\/rivistacharitas\/index.php\/wp-json\/wp\/v2\/comments?post=434"}],"version-history":[{"count":1,"href":"https:\/\/suoredellepoverelle.it\/rivistacharitas\/index.php\/wp-json\/wp\/v2\/posts\/434\/revisions"}],"predecessor-version":[{"id":436,"href":"https:\/\/suoredellepoverelle.it\/rivistacharitas\/index.php\/wp-json\/wp\/v2\/posts\/434\/revisions\/436"}],"wp:featuredmedia":[{"embeddable":true,"href":"https:\/\/suoredellepoverelle.it\/rivistacharitas\/index.php\/wp-json\/wp\/v2\/media\/435"}],"wp:attachment":[{"href":"https:\/\/suoredellepoverelle.it\/rivistacharitas\/index.php\/wp-json\/wp\/v2\/media?parent=434"}],"wp:term":[{"taxonomy":"category","embeddable":true,"href":"https:\/\/suoredellepoverelle.it\/rivistacharitas\/index.php\/wp-json\/wp\/v2\/categories?post=434"},{"taxonomy":"post_tag","embeddable":true,"href":"https:\/\/suoredellepoverelle.it\/rivistacharitas\/index.php\/wp-json\/wp\/v2\/tags?post=434"}],"curies":[{"name":"wp","href":"https:\/\/api.w.org\/{rel}","templated":true}]}}