{"id":431,"date":"2025-11-25T15:27:44","date_gmt":"2025-11-25T15:27:44","guid":{"rendered":"https:\/\/suoredellepoverelle.it\/rivistacharitas\/?p=431"},"modified":"2025-11-25T15:27:45","modified_gmt":"2025-11-25T15:27:45","slug":"suor-melchiorita-zanolli","status":"publish","type":"post","link":"https:\/\/suoredellepoverelle.it\/rivistacharitas\/index.php\/2025\/11\/25\/suor-melchiorita-zanolli\/","title":{"rendered":"SUOR MELCHIORITA ZANOLLI"},"content":{"rendered":"\n<p><em>Nata a Castelbaldo (PD) il 26 agosto 1928, professa il 4 aprile 1957,<\/em> <em>deceduta a Ros\u00e0 (VI) il 13 agosto 2025.<\/em><\/p>\n\n\n\n<p>Suor Melchiorita, battezzata con il nome di Maria, ancora bambina conosce l\u2019emigrazione, perch\u00e9 la sua famiglia, molto numerosa, deve lasciare il paese natale per emigrare nella pianura Pontina e precisamente a Borgo Podgora (Latina), dove ci sono possibilit\u00e0 di lavoro. Fin da piccola sperimenta la fatica e la povert\u00e0, ma anche la ricchezza e la bellezza di una famiglia numerosa, dove ci si aiuta e dove si imparano i valori della condivisione e della generosit\u00e0, oltre che l\u2019assidua preghiera e l\u2019aiuto per chi, come la sua famiglia, vive in situazioni di estrema povert\u00e0.<\/p>\n\n\n\n<p>Nel 1954 lascia la sua famiglia per entrare nella Famiglia delle Suore delle Poverelle a Bergamo; e, dopo gli anni di formazione previsti, emette i Primi Voti religiosi, che rinnova in perpetuo il 2 aprile 1963. Dal 1957 al 1982 Suor Melchiorita, fuorch\u00e9 un anno trascorso al Seminario De Propaganda Fide a Roma, vive la sua donazione tra i bambini della Scuola materna a Concesio Campagnola (BS), Grumello del Piano BG), Sorbo San Basile (CZ), Scauri di Pantelleria (TR): ad essi si dona con passione e cuore di madre, ponendo attenzione particolare ai pi\u00f9 poveri e bisognosi di affetto, di attenzione e di cure. Per 23 anni poi, fino al 2005, si dona instancabilmente a Lentini (SR), comunit\u00e0 con servizi di tipo educativo, dove \u00e8 incaricata per la lavanderia. Le viene poi chiesto il trasferimento a Senigallia (AN), dove collabora tra le Sorelle anziane e malate.<\/p>\n\n\n\n<p>Persona forte, dal carattere deciso e talvolta anche un po\u2019 burbero, Suor Melchiorita aveva un cuore buono e generoso. Dotata di uno spiccato spirito di sacrificio, era sempre pronta in qualsiasi momento la comunit\u00e0 e i poveri ne avessero bisogno. Fedele alla preghiera e alla vita quotidiana, ha saputo accogliere e superare le prove della vita con fede e con forza; anche nei momenti in cui era difficile vivere l\u2019obbedienza, senza scoraggiarti e affidandosi al Signore sempre; fedele alle piccole cose, con tanti piccoli servizi che non si vedono, ma preziosi per chi li riceve, ha espresso la sua grande generosit\u00e0.<\/p>\n\n\n\n<p>Nel 2020, per motivi di salute, \u00e8 stata trasferita a Vicenza S. Lucia, e all\u2019inizio di agosto di quest\u2019anno, aggravandosi la sua malattia, \u00e8 stata accolta nella comunit\u00e0 di Ros\u00e0 (VI).<\/p>\n\n\n\n<p>Negli ultimi mesi, molto consapevole di dover \u201cpartire\u201d, ha continuato a ringraziare per quanto riceveva per l\u2019assistenza, per l\u2019aiuto, dalle consorelle di Vicenza S. Lucia, di Ros\u00e0 e da chi la curava veramente con tanto amore.<\/p>\n\n\n\n<p>Grazie, Suor Melchiorita, per la tua vita donata generosamente senza la pretesa di alcun tornaconto! Ti affidiamo i molti poveri che hai incontrato e servito, le insegnanti di Lentini, che ti hanno conosciuta e amata, e in particolare le comunit\u00e0 e tutte le Sorelle che ti hanno incontrata e con te hanno servito e amato tanti fratelli sfortunati. Prega per tutte noi dal Paradiso!<\/p>\n","protected":false},"excerpt":{"rendered":"<p>Nata a Castelbaldo (PD) il 26 agosto 1928, professa il 4 aprile 1957, deceduta a Ros\u00e0 (VI) il 13 agosto 2025. Suor Melchiorita, battezzata con il nome di Maria, ancora bambina conosce l\u2019emigrazione, perch\u00e9 la sua famiglia, molto numerosa, deve lasciare il paese natale per emigrare nella pianura Pontina e precisamente a Borgo Podgora (Latina), [&hellip;]<\/p>\n","protected":false},"author":2,"featured_media":432,"comment_status":"open","ping_status":"open","sticky":false,"template":"","format":"standard","meta":{"footnotes":""},"categories":[36],"tags":[],"class_list":{"0":"post-431","1":"post","2":"type-post","3":"status-publish","4":"format-standard","5":"has-post-thumbnail","7":"category-donne-di-fede-e-di-speranza"},"_links":{"self":[{"href":"https:\/\/suoredellepoverelle.it\/rivistacharitas\/index.php\/wp-json\/wp\/v2\/posts\/431","targetHints":{"allow":["GET"]}}],"collection":[{"href":"https:\/\/suoredellepoverelle.it\/rivistacharitas\/index.php\/wp-json\/wp\/v2\/posts"}],"about":[{"href":"https:\/\/suoredellepoverelle.it\/rivistacharitas\/index.php\/wp-json\/wp\/v2\/types\/post"}],"author":[{"embeddable":true,"href":"https:\/\/suoredellepoverelle.it\/rivistacharitas\/index.php\/wp-json\/wp\/v2\/users\/2"}],"replies":[{"embeddable":true,"href":"https:\/\/suoredellepoverelle.it\/rivistacharitas\/index.php\/wp-json\/wp\/v2\/comments?post=431"}],"version-history":[{"count":1,"href":"https:\/\/suoredellepoverelle.it\/rivistacharitas\/index.php\/wp-json\/wp\/v2\/posts\/431\/revisions"}],"predecessor-version":[{"id":433,"href":"https:\/\/suoredellepoverelle.it\/rivistacharitas\/index.php\/wp-json\/wp\/v2\/posts\/431\/revisions\/433"}],"wp:featuredmedia":[{"embeddable":true,"href":"https:\/\/suoredellepoverelle.it\/rivistacharitas\/index.php\/wp-json\/wp\/v2\/media\/432"}],"wp:attachment":[{"href":"https:\/\/suoredellepoverelle.it\/rivistacharitas\/index.php\/wp-json\/wp\/v2\/media?parent=431"}],"wp:term":[{"taxonomy":"category","embeddable":true,"href":"https:\/\/suoredellepoverelle.it\/rivistacharitas\/index.php\/wp-json\/wp\/v2\/categories?post=431"},{"taxonomy":"post_tag","embeddable":true,"href":"https:\/\/suoredellepoverelle.it\/rivistacharitas\/index.php\/wp-json\/wp\/v2\/tags?post=431"}],"curies":[{"name":"wp","href":"https:\/\/api.w.org\/{rel}","templated":true}]}}