{"id":428,"date":"2025-11-25T15:23:48","date_gmt":"2025-11-25T15:23:48","guid":{"rendered":"https:\/\/suoredellepoverelle.it\/rivistacharitas\/?p=428"},"modified":"2025-11-25T15:30:43","modified_gmt":"2025-11-25T15:30:43","slug":"suor-luisalba-pelis","status":"publish","type":"post","link":"https:\/\/suoredellepoverelle.it\/rivistacharitas\/index.php\/2025\/11\/25\/suor-luisalba-pelis\/","title":{"rendered":"SUOR LUISALBA PELIS"},"content":{"rendered":"\n<p><em>Nata a Pedrengo (BG) il 16 agosto 1926, professa il l\u201911 aprile 1948,<\/em> <em>deceduta a Bergamo S. Cuore il 29 luglio 2025.<\/em><\/p>\n\n\n\n<p>Suor Luisalba, battezzata con il nome di Elisabetta, ha attinto nella sua famiglia i valori della solidariet\u00e0 umana e della fede cristiana; seguendo la voce del Signore, che la chiamava a seguirlo, con tanta riconoscenza e gioia e con l\u2019impegno di servirlo nei fratelli pi\u00f9 bisognosi, raggiunti i 19 anni, ha lasciato il suo paese e la sua famiglia per raggiungere le Suore delle Poverelle a Bergamo. Ha seguito il cammino proposto per la formazione iniziale nel Postulato e Noviziato, giungendo ad emettere la Prima Professione religiosa, rinnovata poi in perpetuo il 10 aprile 1954.<\/p>\n\n\n\n<p>Suor Luisalba ha speso le sue migliori energie tra i bambini, nell\u2019impegno di educarli, di far s\u00ec che potessero esprimere tutte le loro potenzialit\u00e0 umane, che imparassero a gustare la gioia di conoscere Ges\u00f9 e di sperimentare la gioia di volersi bene tra di loro. Il servizio tra i bambini le ha permesso di incontrare tante mamme, di offrire loro occasioni di ascolto, di condivisione, di aiuto nel compito educativo dei figli.<\/p>\n\n\n\n<p>Nel 1986 un nuovo trasferimento ha condotto Suor Luisalba a Torre Boldone (BG), prima nella Casa di riposo per anziani e poi nella comunit\u00e0 \u201cSacra Famiglia\u201d per Sorelle a riposo, e dal 1987 ad Esmate (BG) dove ha collaborato ancora nella Scuola materna e vi \u00e8 rimasta fino al 2011 quando problemi di salute le hanno reso difficile il camminare; \u00e8 stata quindi inserita al Villaggio Teresa Gabrieli nella comunit\u00e0 Casa Generosa e in seguito nella comunit\u00e0 Sacro Cuore, per le Sorelle a riposo.<\/p>\n\n\n\n<p>Suor Luisalba ha sempre amato la vita di comunit\u00e0; quando \u00e8 stata libera da impegni concreti, ha potuto essere ancora di pi\u00f9 attenta e disponibile per ciascuna sorella, ed offrire il suo aiuto. Ha potuto godere dello stare in compagnia, dando il suo contributo con la partecipazione vivace, serena, comunicando la gioia di vivere, sopportando senza lamenti la sofferenza, sostenendo con la sua voce entusiasta e forte la preghiera comune.<\/p>\n\n\n\n<p>Grazie, Suor Luisalba, per la tua disponibilit\u00e0 continua, serena e generosa; grazie per il tanto bene che hai compiuto tra i molti bambini che hai incontrato, e tra le loro mamme che hai rasserenato e sostenuto nel loro importante compito educativo! Grazie per la tua cordiale serenit\u00e0 quando, non potendo pi\u00f9 agire concretamente, hai donato attenzione, serenit\u00e0, speranza! Ti pensiamo avvolta dall\u2019Amore e dalla Gioia per sempre, accanto al Signore!<\/p>\n","protected":false},"excerpt":{"rendered":"<p>Nata a Pedrengo (BG) il 16 agosto 1926, professa il l\u201911 aprile 1948, deceduta a Bergamo S. Cuore il 29 luglio 2025. Suor Luisalba, battezzata con il nome di Elisabetta, ha attinto nella sua famiglia i valori della solidariet\u00e0 umana e della fede cristiana; seguendo la voce del Signore, che la chiamava a seguirlo, con [&hellip;]<\/p>\n","protected":false},"author":2,"featured_media":429,"comment_status":"open","ping_status":"open","sticky":false,"template":"","format":"standard","meta":{"footnotes":""},"categories":[36],"tags":[],"class_list":{"0":"post-428","1":"post","2":"type-post","3":"status-publish","4":"format-standard","5":"has-post-thumbnail","7":"category-donne-di-fede-e-di-speranza"},"_links":{"self":[{"href":"https:\/\/suoredellepoverelle.it\/rivistacharitas\/index.php\/wp-json\/wp\/v2\/posts\/428","targetHints":{"allow":["GET"]}}],"collection":[{"href":"https:\/\/suoredellepoverelle.it\/rivistacharitas\/index.php\/wp-json\/wp\/v2\/posts"}],"about":[{"href":"https:\/\/suoredellepoverelle.it\/rivistacharitas\/index.php\/wp-json\/wp\/v2\/types\/post"}],"author":[{"embeddable":true,"href":"https:\/\/suoredellepoverelle.it\/rivistacharitas\/index.php\/wp-json\/wp\/v2\/users\/2"}],"replies":[{"embeddable":true,"href":"https:\/\/suoredellepoverelle.it\/rivistacharitas\/index.php\/wp-json\/wp\/v2\/comments?post=428"}],"version-history":[{"count":1,"href":"https:\/\/suoredellepoverelle.it\/rivistacharitas\/index.php\/wp-json\/wp\/v2\/posts\/428\/revisions"}],"predecessor-version":[{"id":430,"href":"https:\/\/suoredellepoverelle.it\/rivistacharitas\/index.php\/wp-json\/wp\/v2\/posts\/428\/revisions\/430"}],"wp:featuredmedia":[{"embeddable":true,"href":"https:\/\/suoredellepoverelle.it\/rivistacharitas\/index.php\/wp-json\/wp\/v2\/media\/429"}],"wp:attachment":[{"href":"https:\/\/suoredellepoverelle.it\/rivistacharitas\/index.php\/wp-json\/wp\/v2\/media?parent=428"}],"wp:term":[{"taxonomy":"category","embeddable":true,"href":"https:\/\/suoredellepoverelle.it\/rivistacharitas\/index.php\/wp-json\/wp\/v2\/categories?post=428"},{"taxonomy":"post_tag","embeddable":true,"href":"https:\/\/suoredellepoverelle.it\/rivistacharitas\/index.php\/wp-json\/wp\/v2\/tags?post=428"}],"curies":[{"name":"wp","href":"https:\/\/api.w.org\/{rel}","templated":true}]}}