{"id":425,"date":"2025-11-25T15:20:06","date_gmt":"2025-11-25T15:20:06","guid":{"rendered":"https:\/\/suoredellepoverelle.it\/rivistacharitas\/?p=425"},"modified":"2025-11-25T15:20:07","modified_gmt":"2025-11-25T15:20:07","slug":"suor-basilia-bertollo","status":"publish","type":"post","link":"https:\/\/suoredellepoverelle.it\/rivistacharitas\/index.php\/2025\/11\/25\/suor-basilia-bertollo\/","title":{"rendered":"SUOR BASILIA BERTOLLO"},"content":{"rendered":"\n<p><em>Nata a Camisano (VI) il 10 luglio 1937, professa il 3 ottobre 1959,<\/em> <em>deceduta a Ros\u00e0 (VI) il 27 luglio 2025.<\/em><\/p>\n\n\n\n<p>Nasce a Camisano Vicentino e nel Battesimo riceve il nome di Carmela; cresce nella sua famiglia, dove attinge i valori umani e cristiani che maturano in lei il desiderio e la volont\u00e0 di bene. A 20 anni decide di rispondere alla chiamata del Signore, che la vuole tutta per s\u00e9 e raggiunge le Suore delle Poverelle a Bergamo. Dopo la formazione iniziale, ricevuta nel Postulato e Noviziato, emette i Primi Voti religiosi, che rinnover\u00e0 nella Professione perpetua il 2 ottobre 1965.<\/p>\n\n\n\n<p>Suor Basilia, persona generosa, semplice, disponibile, amante della vita, ha percepito di essere amata in modo singolare dal Signore ed ha cos\u00ec cercato di riversare questo stesso amore su quanti la Provvidenza ha posto sul suo cammino: bambini, famiglie, giovani, consorelle. Era naturalmente sempre gioiosa, contenta di vivere, di essere consacrata, attenta e disponibile, capace di relazionarsi con tutti, di trasmettere gioia a tutti quelli che incontrava.<\/p>\n\n\n\n<p>Ottenuto il diploma magistrale, viene inserita nella comunit\u00e0 di Casa Madre e le viene affidato il compito di insegnante nella Scuola materna, servizio che svolger\u00e0 poi per tutta la vita con tanto amore, passione e dedizione ai bambini che incontrer\u00e0 sul suo cammino, diffondendo serenit\u00e0 ed ottimismo anche tra i loro familiari.<\/p>\n\n\n\n<p>Dal 1959, trascorsi 12 anni nella comunit\u00e0 di Casa Madre, dedicandosi anche all\u2019accoglienza delle giovani nell\u2019Oratorio domenicale e prestandosi generosamente nella collaborazione come sacrestana, \u00e8 trasferita per un anno a Lallio (BG), poi dal 1972 di nuovo in Casa Madre per 10 anni, quindi dal 1982 a S. Maria di Catanzaro per ben 12 anni e dal 1994 per 7 anni a Piazza del Galdo (SA).<\/p>\n\n\n\n<p>Nel 2021, cominciando a venir meno la salute, Suor Basilia \u00e8 trasferita a Vicenza S. Lucia, nella comunit\u00e0 per Sorelle anziane e nel 2024, aggravandosi la sua situazione, \u00e8 inserita nella comunit\u00e0 di Ros\u00e0 (VI), da dove il Signore l\u2019ha chiamata a s\u00e8.<\/p>\n\n\n\n<p>Grazie, Suor Basilia, per il tuo sorriso, per la tua bellissima voce che ci faceva pregustare il cielo, per la tua gioia diffusiva, per la tua disponibilit\u00e0 e generosit\u00e0!<\/p>\n\n\n\n<p>Non possiamo che pensarti felice cos\u00ec, per sempre, con la tua meravigliosa voce, intenta a lodare per sempre, con tutti i Santi del cielo, il nostro Dio, Padre Amabile Infinito!<\/p>\n","protected":false},"excerpt":{"rendered":"<p>Nata a Camisano (VI) il 10 luglio 1937, professa il 3 ottobre 1959, deceduta a Ros\u00e0 (VI) il 27 luglio 2025. Nasce a Camisano Vicentino e nel Battesimo riceve il nome di Carmela; cresce nella sua famiglia, dove attinge i valori umani e cristiani che maturano in lei il desiderio e la volont\u00e0 di bene. [&hellip;]<\/p>\n","protected":false},"author":2,"featured_media":426,"comment_status":"open","ping_status":"open","sticky":false,"template":"","format":"standard","meta":{"footnotes":""},"categories":[36],"tags":[],"class_list":{"0":"post-425","1":"post","2":"type-post","3":"status-publish","4":"format-standard","5":"has-post-thumbnail","7":"category-donne-di-fede-e-di-speranza"},"_links":{"self":[{"href":"https:\/\/suoredellepoverelle.it\/rivistacharitas\/index.php\/wp-json\/wp\/v2\/posts\/425","targetHints":{"allow":["GET"]}}],"collection":[{"href":"https:\/\/suoredellepoverelle.it\/rivistacharitas\/index.php\/wp-json\/wp\/v2\/posts"}],"about":[{"href":"https:\/\/suoredellepoverelle.it\/rivistacharitas\/index.php\/wp-json\/wp\/v2\/types\/post"}],"author":[{"embeddable":true,"href":"https:\/\/suoredellepoverelle.it\/rivistacharitas\/index.php\/wp-json\/wp\/v2\/users\/2"}],"replies":[{"embeddable":true,"href":"https:\/\/suoredellepoverelle.it\/rivistacharitas\/index.php\/wp-json\/wp\/v2\/comments?post=425"}],"version-history":[{"count":1,"href":"https:\/\/suoredellepoverelle.it\/rivistacharitas\/index.php\/wp-json\/wp\/v2\/posts\/425\/revisions"}],"predecessor-version":[{"id":427,"href":"https:\/\/suoredellepoverelle.it\/rivistacharitas\/index.php\/wp-json\/wp\/v2\/posts\/425\/revisions\/427"}],"wp:featuredmedia":[{"embeddable":true,"href":"https:\/\/suoredellepoverelle.it\/rivistacharitas\/index.php\/wp-json\/wp\/v2\/media\/426"}],"wp:attachment":[{"href":"https:\/\/suoredellepoverelle.it\/rivistacharitas\/index.php\/wp-json\/wp\/v2\/media?parent=425"}],"wp:term":[{"taxonomy":"category","embeddable":true,"href":"https:\/\/suoredellepoverelle.it\/rivistacharitas\/index.php\/wp-json\/wp\/v2\/categories?post=425"},{"taxonomy":"post_tag","embeddable":true,"href":"https:\/\/suoredellepoverelle.it\/rivistacharitas\/index.php\/wp-json\/wp\/v2\/tags?post=425"}],"curies":[{"name":"wp","href":"https:\/\/api.w.org\/{rel}","templated":true}]}}