{"id":422,"date":"2025-11-25T15:16:35","date_gmt":"2025-11-25T15:16:35","guid":{"rendered":"https:\/\/suoredellepoverelle.it\/rivistacharitas\/?p=422"},"modified":"2025-11-25T15:17:19","modified_gmt":"2025-11-25T15:17:19","slug":"suor-ginalisa-giussani","status":"publish","type":"post","link":"https:\/\/suoredellepoverelle.it\/rivistacharitas\/index.php\/2025\/11\/25\/suor-ginalisa-giussani\/","title":{"rendered":"SUOR GINALISA GIUSSANI"},"content":{"rendered":"\n<p><em>Nata a Pagazzano (BG) il 26 aprile 1939, professa il 1\u00b0 aprile 1964,<\/em> <em>deceduta a Bergamo S. Cuore il 25 luglio 2025.<\/em><\/p>\n\n\n\n<p>Battezzata nello stesso giorno della nascita, perch\u00e9 in pericolo di vita, che viene invece fortunatamente salvata, riceve il nome di Felicita. Nella sua famiglia riceve un\u2019educazione fondata sui valori cristiani e sulla solidariet\u00e0 con chi \u00e8 pi\u00f9 povero. A 22 anni risponde alla chiamata che sente in cuore, lascia i familiari e si trasferisce tra le Suore delle Poverelle a Bergamo, dove inizia il cammino di formazione che le permetter\u00e0 di consacrare la sua vita al Signore Dopo aver vissuto il Postulato e Noviziato, emette i Primi Voti religiosi, che rinnover\u00e0 per sempre il 18 marzo 1970.<\/p>\n\n\n\n<p>Trascorre i primi anni dello juniorato a Roma via Casilina, come studente per la Scuola magistrale.<\/p>\n\n\n\n<p>Ottenuto il diploma nel 1967, per 11 anni presta il suo servizio come insegnante e come collaboratrice nella pastorale parrocchiale a Ros\u00e0 (VI), successivamente per un anno a Cusighe (BL), poi dal 1978 a Pantelleria (TP), quindi a Vicenza S. Lucia fino al 1984 e a Camisano (VI).<\/p>\n\n\n\n<p>Dal 1986 a Bergamo le viene chiesta collaborazione per l\u2019Economato generale. Nel 1991 ritorna in Pantelleria per 9 anni, in seguito a Napoli fino al 2002, nell\u2019accoglienza di adulti in difficolt\u00e0, a Senigallia (AN) fino al 2008 come Superiora ed Economa provinciale, e infine tre anni a Lentini (SR).<\/p>\n\n\n\n<p>Suor Ginalisa \u00e8 stata una persona docile, pienamente disponibile a servire il Signore presente nei bambini, nei disabili, negli adulti, nelle Sorelle e nei servizi di economato che le sono stati chiesti. Non era di molte parole, ma diceva parole sagge; \u00e8 stata una persona luminosa e semplice, silenziosa ma presente senza farsi tanto notare. Quotidianamente viveva con gioia l\u2019incontro con il Signore e, sostenuta dalla preghiera e dalla vita comunitaria, veramente viveva le parole del Palazzolo: \u201c<em>non dire mai basta<\/em>\u201d.<\/p>\n\n\n\n<p>Inaspettatamente si manifesta in lei la malattia che le cambia la vita e richiede il suo inserimento in Casa di riposo: dapprima, nel 2011, nella comunit\u00e0 Sacra Famiglia a Torre Boldone (BG), poi a Bergamo Casa Generosa, in seguito a Grumello del Monte Casa Fiorina e nel 2020 al Villaggio Gabrieli Casa Sacro Cuore (BG).<\/p>\n\n\n\n<p>A causa della malattia sopraggiunta, \u00e8 difficile sapere quale consapevolezza l\u2019abbia accompagnata, ma pensando alla testimonianza della sua vita quando godeva di buona salute, crediamo fortemente che ha offerto tutto di s\u00e9, vivendo nel proprio corpo le sofferenze di Cristo per il bene di tutti.<\/p>\n\n\n\n<p>Grazie, Suor Ginalisa! Nella tua vita hai proprio brillato lasciando trasparire il volto di Dio Padre Amabile Infinito; ora vogliamo pensarti come una stella che continua a illuminare la vita di tutte noi, che abbiamo avuto la fortuna di incontrarti e ascoltarti. Buon cammino in Paradiso!<\/p>\n\n\n\n<p><em>Eloquenti alcune espressioni riprese da uno scritto riconoscete dalla Pantelleria:<\/em> \u201cRicordo il suo arrivo nell\u2019Isola, era giovane, bella, ordinata, gentile, intelligente, ma con un pizzico di distanza&#8230; Voleva prima osservare, per poi tuffarsi nella sua donazione ai giovani, bambini, famiglie. Quanti ricordi, quante esperienze belle, quante serate di festa con la Fraternit\u00e0, gli anziani\u2026 Grazie di tutto il bene che mi hai voluto e che hai donato alla gente della nostra Isola\u2026 Il Signore ricompensi tutto il bene da te operato e la tua sofferenza ti apra subito la porta del Paradiso. Arrivederci!\u201d\u00a0\u00a0\u00a0\u00a0 <em>Pina Diana<\/em><\/p>\n","protected":false},"excerpt":{"rendered":"<p>Nata a Pagazzano (BG) il 26 aprile 1939, professa il 1\u00b0 aprile 1964, deceduta a Bergamo S. Cuore il 25 luglio 2025. Battezzata nello stesso giorno della nascita, perch\u00e9 in pericolo di vita, che viene invece fortunatamente salvata, riceve il nome di Felicita. Nella sua famiglia riceve un\u2019educazione fondata sui valori cristiani e sulla solidariet\u00e0 [&hellip;]<\/p>\n","protected":false},"author":2,"featured_media":423,"comment_status":"open","ping_status":"open","sticky":false,"template":"","format":"standard","meta":{"footnotes":""},"categories":[36],"tags":[],"class_list":{"0":"post-422","1":"post","2":"type-post","3":"status-publish","4":"format-standard","5":"has-post-thumbnail","7":"category-donne-di-fede-e-di-speranza"},"_links":{"self":[{"href":"https:\/\/suoredellepoverelle.it\/rivistacharitas\/index.php\/wp-json\/wp\/v2\/posts\/422","targetHints":{"allow":["GET"]}}],"collection":[{"href":"https:\/\/suoredellepoverelle.it\/rivistacharitas\/index.php\/wp-json\/wp\/v2\/posts"}],"about":[{"href":"https:\/\/suoredellepoverelle.it\/rivistacharitas\/index.php\/wp-json\/wp\/v2\/types\/post"}],"author":[{"embeddable":true,"href":"https:\/\/suoredellepoverelle.it\/rivistacharitas\/index.php\/wp-json\/wp\/v2\/users\/2"}],"replies":[{"embeddable":true,"href":"https:\/\/suoredellepoverelle.it\/rivistacharitas\/index.php\/wp-json\/wp\/v2\/comments?post=422"}],"version-history":[{"count":1,"href":"https:\/\/suoredellepoverelle.it\/rivistacharitas\/index.php\/wp-json\/wp\/v2\/posts\/422\/revisions"}],"predecessor-version":[{"id":424,"href":"https:\/\/suoredellepoverelle.it\/rivistacharitas\/index.php\/wp-json\/wp\/v2\/posts\/422\/revisions\/424"}],"wp:featuredmedia":[{"embeddable":true,"href":"https:\/\/suoredellepoverelle.it\/rivistacharitas\/index.php\/wp-json\/wp\/v2\/media\/423"}],"wp:attachment":[{"href":"https:\/\/suoredellepoverelle.it\/rivistacharitas\/index.php\/wp-json\/wp\/v2\/media?parent=422"}],"wp:term":[{"taxonomy":"category","embeddable":true,"href":"https:\/\/suoredellepoverelle.it\/rivistacharitas\/index.php\/wp-json\/wp\/v2\/categories?post=422"},{"taxonomy":"post_tag","embeddable":true,"href":"https:\/\/suoredellepoverelle.it\/rivistacharitas\/index.php\/wp-json\/wp\/v2\/tags?post=422"}],"curies":[{"name":"wp","href":"https:\/\/api.w.org\/{rel}","templated":true}]}}