{"id":400,"date":"2025-11-25T14:10:16","date_gmt":"2025-11-25T14:10:16","guid":{"rendered":"https:\/\/suoredellepoverelle.it\/rivistacharitas\/?p=400"},"modified":"2025-11-25T14:10:17","modified_gmt":"2025-11-25T14:10:17","slug":"80-anni-di-presenza-e-dedizione","status":"publish","type":"post","link":"https:\/\/suoredellepoverelle.it\/rivistacharitas\/index.php\/2025\/11\/25\/80-anni-di-presenza-e-dedizione\/","title":{"rendered":"80 ANNI DI PRESENZA E DEDIZIONE"},"content":{"rendered":"\n<p><em>Riportiamo il saluto di suor Mariagnese e di suor Rinalba alla comunit\u00e0 parrocchiale di Isolaccia, in occasione della chiusura della presenza della Congregazione in questa porzione di terra valtellinese.<\/em><\/p>\n\n\n\n<p>Pur nel dispiacere di questa partenza, a noi per prime \u00e8 chiesto un atto di fede e di fiducia in Dio, che guida i nostri passi affinch\u00e9 si compiano i suoi progetti d&#8217;amore. Anche quando non comprendiamo, sappiamo che il Signore agisce per il nostro bene. &#8220;\u00c8 arrivato il momento di sciogliere le vele e di passare all&#8217;altra riva&#8221;. La barca della nostra parrocchia, pur se sbattuta dal vento, \u00e8 custodita da Ges\u00f9, come hanno potuto constatare le 44 Suore delle Poverelle che in 80 anni hanno fatto parte di questa comunit\u00e0 parrocchiale. Insieme a loro, rendiamo grazie a Dio per averci permesso di condividere con voi momenti lieti e tristi della vita, di percepire la bellezza di sentirci amati e accompagnati dalla Provvidenza di un Padre che si prende cura di ogni suo figlio. Porteremo con noi i volti di tante persone i cui nomi sono scritti nel nostro cuore. La nostra presenza, insieme a quella di tante sorelle, \u00e8 stata una testimonianza cristiana semplice, piccola e silenziosa, nello spirito di dedizione ai bambini, alle famiglie e a tutta la parrocchia. Abbiamo cercato, per quanto possibile, di mettere in pratica il Vangelo e il carisma dei nostri fondatori, San Luigi Palazzolo e la Venerabile Madre Teresa Gabrieli: &#8220;Dove altri non giunge, cerco di fare qualcosa io, cos\u00ec come posso&#8221;. Siamo grate a questa terra benedetta che ha donato alla nostra Congregazione tante giovani, rendendo ancor pi\u00f9 bello il carisma del Palazzolo in Italia e in Africa. Un sentito ringraziamento al nostro Cardinale di Como, Oscar Cantoni, e ai suoi predecessori che ci hanno accolte fin dagli inizi, accompagnandoci spiritualmente con particolare sollecitudine pastorale attraverso i parroci e i sacerdoti che si sono susseguiti nel tempo. Tra questi, permetteteci di ricordare con affetto il caro defunto don Giovanni Rapella, per la premura e la paterna amicizia, e don Lino, che con generosa dedizione di pastore ha sostenuto la nostra missione a Lusanga, in Congo, con un cuore grande. Il nostro ricordo e la nostra preghiera vanno ai fratelli malati e sofferenti che salutiamo: che la cura possa sempre adeguarsi ai loro bisogni fisici e spirituali. Oggi si chiude dunque per noi un capitolo della storia dell\u2019Istituto, durata 80 anni, ma i nomi di Isolaccia, Semogo, Piatta, Trepalle e Livigno resteranno impressi non solo nei libri di cronaca, ma soprattutto nei ricordi e nei cuori di tutte noi. Concludiamo questo saluto con una frase del nostro Fondatore che desideriamo sia di augurio per ciascuno di voi: &#8220;Sii felice, Dio ti ama&#8221;.<\/p>\n","protected":false},"excerpt":{"rendered":"<p>Riportiamo il saluto di suor Mariagnese e di suor Rinalba alla comunit\u00e0 parrocchiale di Isolaccia, in occasione della chiusura della presenza della Congregazione in questa porzione di terra valtellinese. Pur nel dispiacere di questa partenza, a noi per prime \u00e8 chiesto un atto di fede e di fiducia in Dio, che guida i nostri passi [&hellip;]<\/p>\n","protected":false},"author":2,"featured_media":401,"comment_status":"open","ping_status":"open","sticky":false,"template":"","format":"standard","meta":{"footnotes":""},"categories":[30],"tags":[],"class_list":{"0":"post-400","1":"post","2":"type-post","3":"status-publish","4":"format-standard","5":"has-post-thumbnail","7":"category-dal-mondo"},"_links":{"self":[{"href":"https:\/\/suoredellepoverelle.it\/rivistacharitas\/index.php\/wp-json\/wp\/v2\/posts\/400","targetHints":{"allow":["GET"]}}],"collection":[{"href":"https:\/\/suoredellepoverelle.it\/rivistacharitas\/index.php\/wp-json\/wp\/v2\/posts"}],"about":[{"href":"https:\/\/suoredellepoverelle.it\/rivistacharitas\/index.php\/wp-json\/wp\/v2\/types\/post"}],"author":[{"embeddable":true,"href":"https:\/\/suoredellepoverelle.it\/rivistacharitas\/index.php\/wp-json\/wp\/v2\/users\/2"}],"replies":[{"embeddable":true,"href":"https:\/\/suoredellepoverelle.it\/rivistacharitas\/index.php\/wp-json\/wp\/v2\/comments?post=400"}],"version-history":[{"count":1,"href":"https:\/\/suoredellepoverelle.it\/rivistacharitas\/index.php\/wp-json\/wp\/v2\/posts\/400\/revisions"}],"predecessor-version":[{"id":402,"href":"https:\/\/suoredellepoverelle.it\/rivistacharitas\/index.php\/wp-json\/wp\/v2\/posts\/400\/revisions\/402"}],"wp:featuredmedia":[{"embeddable":true,"href":"https:\/\/suoredellepoverelle.it\/rivistacharitas\/index.php\/wp-json\/wp\/v2\/media\/401"}],"wp:attachment":[{"href":"https:\/\/suoredellepoverelle.it\/rivistacharitas\/index.php\/wp-json\/wp\/v2\/media?parent=400"}],"wp:term":[{"taxonomy":"category","embeddable":true,"href":"https:\/\/suoredellepoverelle.it\/rivistacharitas\/index.php\/wp-json\/wp\/v2\/categories?post=400"},{"taxonomy":"post_tag","embeddable":true,"href":"https:\/\/suoredellepoverelle.it\/rivistacharitas\/index.php\/wp-json\/wp\/v2\/tags?post=400"}],"curies":[{"name":"wp","href":"https:\/\/api.w.org\/{rel}","templated":true}]}}