{"id":397,"date":"2025-11-25T14:05:46","date_gmt":"2025-11-25T14:05:46","guid":{"rendered":"https:\/\/suoredellepoverelle.it\/rivistacharitas\/?p=397"},"modified":"2025-11-25T14:30:19","modified_gmt":"2025-11-25T14:30:19","slug":"una-casa-per-te-apre-le-sue-porte","status":"publish","type":"post","link":"https:\/\/suoredellepoverelle.it\/rivistacharitas\/index.php\/2025\/11\/25\/una-casa-per-te-apre-le-sue-porte\/","title":{"rendered":"\u201cUNA CASA PER TE\u201d APRE LE SUE PORTE"},"content":{"rendered":"\n<h2 class=\"wp-block-heading\"><strong>A Grumello del Monte l\u2019inaugurazione degli spazi della RSD di Istituto Palazzolo dedicati alle persone con spettro dell\u2019autismo.<\/strong><\/h2>\n\n\n\n<p><span style=\"background-color:#f7cc62\" class=\"td_text_highlight_marker\">Simona Ghezzi &#8211; Resp. Fundraising Istituto Palazzolo<\/span><\/p>\n\n\n\n<p>L\u2019Istituto Palazzolo \u00e8 presente a Grumello del Monte sin dagli anni \u201920 del secolo scorso, con una Casa dedicata all\u2019accoglienza di persone con disabilit\u00e0 fisica e intellettiva. Inserita nella cornice carismatica della missione palazzoliana \u2013 operare l\u00e0 dove altri non giungono e offrire risposte concrete a bisogni ancora inespressi o non coperti \u2013 la Casa ha saputo nel tempo evolversi, adattando il proprio operato per rispondere con competenza e professionalit\u00e0 a esigenze sempre pi\u00f9 diversificate e complesse. Oggi, per continuare a garantire un servizio adeguato ai nuovi bisogni emergenti, l\u2019Istituto ha avviato una riorganizzazione della RSD, dotandola di spazi, attrezzature e competenze specifiche dedicate all\u2019accoglienza e alla promozione del benessere di giovani con disturbi dello spettro autistico grave e disturbi generalizzati dello sviluppo. Per sostenere questo importante progetto, l\u2019Istituto ha investito risorse proprie e, al contempo, ha lanciato la campagna di sensibilizzazione e raccolta fondi \u201cUna Casa per TE\u201d, con l\u2019obiettivo di promuovere solidariet\u00e0 e coinvolgere cittadini, aziende, associazioni, e istituzioni pubbliche e private nel sostegno a questa iniziativa di valore sociale e umano. Il progetto \u201cUna Casa per TE\u201d ha finalmente preso forma all\u2019interno della RSD di Grumello del Monte, grazie alla riqualificazione degli spazi del terzo piano, oggi pi\u00f9 sicuri, accoglienti e pensati per rispondere alle esigenze emotive e comportamentali dei residenti, tra cui giovani con disturbi dello spettro autistico grave.<\/p>\n\n\n\n<p>La Casa di Grumello ha voluto celebrare la realizzazione di questo importante traguardo con una grande festa, iniziata domenica 14 settembre insieme ai residenti, alle loro famiglie e all\u2019intera comunit\u00e0 civile e religiosa. In un clima di gratitudine e trasparenza, i festeggiamenti sono proseguiti il 18 settembre, quando la Direzione dell\u2019Istituto e la RSD hanno aperto le porte della Casa a istituzioni, aziende, fondazioni e associazioni donatrici, in occasione dell\u2019inaugurazione ufficiale dei nuovi spazi, benedetti da Mons. Michelangelo Finazzi, in rappresentanza della Diocesi di Bergamo. Durante l\u2019evento sono stati condivisi con i numerosi partecipanti i risultati della campagna di sensibilizzazione e raccolta fondi \u201cUna Casa per TE\u201d, un\u2019esperienza che ha generato valore non solo in termini economici, ma anche relazionali e comunitari: un percorso che ha favorito incontri, promosso la sensibilizzazione sul tema della disabilit\u00e0 e delle forme pi\u00f9 gravi di autismo, e stimolato nuove sinergie tra l\u2019Istituto Palazzolo, le istituzioni e il territorio. Tra i tanti contributi che hanno reso possibile questo risultato si ricordano: <\/p>\n\n\n\n<ul class=\"wp-block-list\">\n<li>una donazione in memoria, di particolare significato umano; <\/li>\n\n\n\n<li>il contributo della Fondazione Banca Popolare di Bergamo, che ha consentito la realizzazione di una stanza multisensoriale dedicata al rilassamento e al benessere dei residenti, con l\u2019obiettivo di ridurre stati d\u2019ansia e agitazione; <\/li>\n\n\n\n<li>il sostegno del Fondo Luciana e Gianni Radici, presso la Fondazione Comunit\u00e0 Bergamasca, grazie al quale \u00e8 stata creata una stanza da lavoro interattiva, progettata per stimolare e coinvolgere gli ospiti in attivit\u00e0 mirate; <\/li>\n\n\n\n<li>la camminata solidale \u201cGrumello InVino\u201d, organizzata con l\u2019Associazione OltreConfine, che si \u00e8 conclusa con un momento di festa nella Casa, offrendo a molti la possibilit\u00e0 di conoscere da vicino la RSD;<\/li>\n\n\n\n<li>le sei edizioni del corso di Zen Stretching, condotte pro bono da una professionista nel giardino della struttura;<\/li>\n\n\n\n<li>circa 25 iniziative solidali, tra banchetti, mercatini dei manufatti delle volontarie, sagre e feste estive, che hanno dato spazio alla promozione di \u201cUna Casa per TE\u201d grazie alla collaborazione di parrocchie e associazioni del territorio;<\/li>\n\n\n\n<li>due spettacoli teatrali organizzati dagli instancabili amici di \u201cHOPE si pu\u00f2 fare\u201d;<\/li>\n\n\n\n<li>e, non da ultimo, le numerose aziende che hanno scelto di sostenere il progetto nell\u2019ambito delle proprie attivit\u00e0 di responsabilit\u00e0 sociale d\u2019impresa.<\/li>\n<\/ul>\n\n\n\n<p>A fronte di un investimento inferiore all\u20191% del ricavato in materiali promozionali, la campagna ha raccolto ad oggi circa 220.000 euro, un risultato straordinario di partecipazione e solidariet\u00e0. Durante la mattinata inaugurale, ciascun donatore \u00e8 stato invitato ad apporre la propria firma sul \u201cMuro del Grazie\u201d, simbolo tangibile della riconoscenza della Casa verso tutti coloro che hanno contribuito alla realizzazione di questo sogno condiviso.<\/p>\n","protected":false},"excerpt":{"rendered":"<p>A Grumello del Monte l\u2019inaugurazione degli spazi della RSD di Istituto Palazzolo dedicati alle persone con spettro dell\u2019autismo. Simona Ghezzi &#8211; Resp. Fundraising Istituto Palazzolo L\u2019Istituto Palazzolo \u00e8 presente a Grumello del Monte sin dagli anni \u201920 del secolo scorso, con una Casa dedicata all\u2019accoglienza di persone con disabilit\u00e0 fisica e intellettiva. Inserita nella cornice [&hellip;]<\/p>\n","protected":false},"author":2,"featured_media":398,"comment_status":"open","ping_status":"open","sticky":false,"template":"","format":"standard","meta":{"footnotes":""},"categories":[30],"tags":[],"class_list":{"0":"post-397","1":"post","2":"type-post","3":"status-publish","4":"format-standard","5":"has-post-thumbnail","7":"category-dal-mondo"},"_links":{"self":[{"href":"https:\/\/suoredellepoverelle.it\/rivistacharitas\/index.php\/wp-json\/wp\/v2\/posts\/397","targetHints":{"allow":["GET"]}}],"collection":[{"href":"https:\/\/suoredellepoverelle.it\/rivistacharitas\/index.php\/wp-json\/wp\/v2\/posts"}],"about":[{"href":"https:\/\/suoredellepoverelle.it\/rivistacharitas\/index.php\/wp-json\/wp\/v2\/types\/post"}],"author":[{"embeddable":true,"href":"https:\/\/suoredellepoverelle.it\/rivistacharitas\/index.php\/wp-json\/wp\/v2\/users\/2"}],"replies":[{"embeddable":true,"href":"https:\/\/suoredellepoverelle.it\/rivistacharitas\/index.php\/wp-json\/wp\/v2\/comments?post=397"}],"version-history":[{"count":2,"href":"https:\/\/suoredellepoverelle.it\/rivistacharitas\/index.php\/wp-json\/wp\/v2\/posts\/397\/revisions"}],"predecessor-version":[{"id":414,"href":"https:\/\/suoredellepoverelle.it\/rivistacharitas\/index.php\/wp-json\/wp\/v2\/posts\/397\/revisions\/414"}],"wp:featuredmedia":[{"embeddable":true,"href":"https:\/\/suoredellepoverelle.it\/rivistacharitas\/index.php\/wp-json\/wp\/v2\/media\/398"}],"wp:attachment":[{"href":"https:\/\/suoredellepoverelle.it\/rivistacharitas\/index.php\/wp-json\/wp\/v2\/media?parent=397"}],"wp:term":[{"taxonomy":"category","embeddable":true,"href":"https:\/\/suoredellepoverelle.it\/rivistacharitas\/index.php\/wp-json\/wp\/v2\/categories?post=397"},{"taxonomy":"post_tag","embeddable":true,"href":"https:\/\/suoredellepoverelle.it\/rivistacharitas\/index.php\/wp-json\/wp\/v2\/tags?post=397"}],"curies":[{"name":"wp","href":"https:\/\/api.w.org\/{rel}","templated":true}]}}