{"id":392,"date":"2025-11-25T13:58:58","date_gmt":"2025-11-25T13:58:58","guid":{"rendered":"https:\/\/suoredellepoverelle.it\/rivistacharitas\/?p=392"},"modified":"2025-11-25T14:06:22","modified_gmt":"2025-11-25T14:06:22","slug":"diversamente-estate","status":"publish","type":"post","link":"https:\/\/suoredellepoverelle.it\/rivistacharitas\/index.php\/2025\/11\/25\/diversamente-estate\/","title":{"rendered":"DIVERSAMENTE&#8230; ESTATE"},"content":{"rendered":"\n<p><span style=\"background-color:#f7cc62\" class=\"td_text_highlight_marker\">Vera &#8211; volontaria RSD Grumello del Monte<\/span><\/p>\n\n\n\n<p>Da tempo porto nel cuore un desiderio: condividere i sentimenti che provo quando incontro i miei \u201ctesori\u201d a Grumello del Monte, alla residenza per disabili, uno dei tanti servizi delle Suore delle Poverelle. \u00c8 il 2015 quando Suor Annamaria mi propone di fare volontariato con gli ospiti della grande Casa. Sapendo che vado pazza per queste persone speciali, mi invita a seguire un breve corso di formazione: cos\u00ec posso dare una mano al personale durante i pasti, per imbocco e assistenza. Da adolescente sono stata toccata da testimonianze di vita, brevi ma intense, che hanno guidato il mio cammino alla ricerca della volont\u00e0 di Dio. L\u2019esigenza interiore era chiara: servire Ges\u00f9 come laica consacrata, restando accanto ai miei cari e continuando la mia professione di insegnante di scuola primaria, con il volontariato accanto ai pi\u00f9 sofferenti. Una prima visita al Piccolo Cottolengo Don Orione di Tortona ha dato il via ai buoni propositi che custodisco nel cuore. E ora sono l\u00ec, a Grumello, tra tanti tesori a cui voglio bene. Che cosa faccio a Grumello? Da una parte, metto in pratica valori ed elementi educativi che ho assimilato durante gli studi universitari. Dall\u2019altra, gli ospiti della RSD mi insegnano qualcosa di prezioso: mi accolgono proprio per come sono, senza pretese, con un sorriso che cancella ogni preoccupazione. Per loro, una passeggiata, un\u2019attivit\u00e0 di svago, un laboratorio, un aiuto durante l\u2019imbocco ai pasti, sono momenti ricchi di sorpresa e di relazione, che valorizzano i desideri di bene e di bont\u00e0. I volti di queste persone passeggiano per la mia anima, portando pace e gioia. Questo mi basta! Non cerco grandi imprese o partenze lontane in missione: essere qui, al fronte, \u00e8 bellissimo se ci si lascia guidare dalla chiamata che ciascuno riceve per vivere la carit\u00e0. Perch\u00e9, come dice San Luigi Orione: \u201csolo la carit\u00e0 salver\u00e0 il mondo\u201d.<\/p>\n\n\n\n<p><span style=\"background-color:#f7cc62\" class=\"td_text_highlight_marker\">Monica e Bernardino &#8211; volontari di RSD Ros\u00e0<\/span><\/p>\n\n\n\n<p>Nei caldi mesi di giugno e luglio hanno portato la loro giovane energia un gruppo di volontari dell\u2019Associazione &#8220;La famiglia del Palazzolo&#8221;: Leonardo, Ludovico, Vanni, Tommaso e Yerosen. Con arte e passione, hanno reso la nostra casa pi\u00f9 accogliente e colorata. Leonardo si \u00e8 dedicato al giardinaggio, sistemando le aiuole e dando una mano ai manutentori. Vanni e Tommaso hanno dato una nuova veste alle stanze dei laboratori con una tinteggiatura fresca e hanno rifinito il muretto del boschetto per nuovi murales; l\u2019idropulitrice ha fatto scintille e sembrava quasi giocare! L\u2019orto \u00e8 stato un lavoro di squadra: Leonardo e Vanni hanno curato le piantine insieme ai residenti dei gruppi Stella Alpina e Quadrifoglio, e Ludovico si \u00e8 unito a loro per ottenere splendide piante di salvia. Yerosen ha deliziato tutti con pranzi semplici ma gustosi che hanno allietato residenti e staff. Non sono mancati momenti di aggregazione: i residenti hanno partecipato alle attivit\u00e0 ricreative e si sono divertiti a giocare a calcio. Per questi giovani \u00e8 stata un\u2019esperienza significativa, ma anche per noi \u00e8 stato confortante vederli sempre con il sorriso. Il loro sguardo fresco ci ha ricordato quanta ricchezza porti la giovent\u00f9. Grazie ragazzi, ci rivediamo l\u2019anno prossimo!<\/p>\n","protected":false},"excerpt":{"rendered":"<p>Vera &#8211; volontaria RSD Grumello del Monte Da tempo porto nel cuore un desiderio: condividere i sentimenti che provo quando incontro i miei \u201ctesori\u201d a Grumello del Monte, alla residenza per disabili, uno dei tanti servizi delle Suore delle Poverelle. \u00c8 il 2015 quando Suor Annamaria mi propone di fare volontariato con gli ospiti della [&hellip;]<\/p>\n","protected":false},"author":2,"featured_media":393,"comment_status":"open","ping_status":"open","sticky":false,"template":"","format":"standard","meta":{"footnotes":""},"categories":[34],"tags":[],"class_list":{"0":"post-392","1":"post","2":"type-post","3":"status-publish","4":"format-standard","5":"has-post-thumbnail","7":"category-focus-volontari"},"_links":{"self":[{"href":"https:\/\/suoredellepoverelle.it\/rivistacharitas\/index.php\/wp-json\/wp\/v2\/posts\/392","targetHints":{"allow":["GET"]}}],"collection":[{"href":"https:\/\/suoredellepoverelle.it\/rivistacharitas\/index.php\/wp-json\/wp\/v2\/posts"}],"about":[{"href":"https:\/\/suoredellepoverelle.it\/rivistacharitas\/index.php\/wp-json\/wp\/v2\/types\/post"}],"author":[{"embeddable":true,"href":"https:\/\/suoredellepoverelle.it\/rivistacharitas\/index.php\/wp-json\/wp\/v2\/users\/2"}],"replies":[{"embeddable":true,"href":"https:\/\/suoredellepoverelle.it\/rivistacharitas\/index.php\/wp-json\/wp\/v2\/comments?post=392"}],"version-history":[{"count":2,"href":"https:\/\/suoredellepoverelle.it\/rivistacharitas\/index.php\/wp-json\/wp\/v2\/posts\/392\/revisions"}],"predecessor-version":[{"id":396,"href":"https:\/\/suoredellepoverelle.it\/rivistacharitas\/index.php\/wp-json\/wp\/v2\/posts\/392\/revisions\/396"}],"wp:featuredmedia":[{"embeddable":true,"href":"https:\/\/suoredellepoverelle.it\/rivistacharitas\/index.php\/wp-json\/wp\/v2\/media\/393"}],"wp:attachment":[{"href":"https:\/\/suoredellepoverelle.it\/rivistacharitas\/index.php\/wp-json\/wp\/v2\/media?parent=392"}],"wp:term":[{"taxonomy":"category","embeddable":true,"href":"https:\/\/suoredellepoverelle.it\/rivistacharitas\/index.php\/wp-json\/wp\/v2\/categories?post=392"},{"taxonomy":"post_tag","embeddable":true,"href":"https:\/\/suoredellepoverelle.it\/rivistacharitas\/index.php\/wp-json\/wp\/v2\/tags?post=392"}],"curies":[{"name":"wp","href":"https:\/\/api.w.org\/{rel}","templated":true}]}}