{"id":389,"date":"2025-11-25T13:52:52","date_gmt":"2025-11-25T13:52:52","guid":{"rendered":"https:\/\/suoredellepoverelle.it\/rivistacharitas\/?p=389"},"modified":"2025-11-25T13:52:52","modified_gmt":"2025-11-25T13:52:52","slug":"casa-dietro-le-sbarre","status":"publish","type":"post","link":"https:\/\/suoredellepoverelle.it\/rivistacharitas\/index.php\/2025\/11\/25\/casa-dietro-le-sbarre\/","title":{"rendered":"CASA DIETRO LE SBARRE"},"content":{"rendered":"\n<h2 class=\"wp-block-heading\"><strong>Quando l\u2019accoglienza diventa speranza<\/strong><\/h2>\n\n\n\n<p><em><span style=\"background-color:#f7cc62\" class=\"td_text_highlight_marker\">Elena Fabbris<\/span><\/em><\/p>\n\n\n\n<p>Dal 13 al 30 agosto 2025 ho scelto di trascorrere le ferie lontano da Bergamo, dedicandomi ancora una volta al servizio volontario presso la Casa di accoglienza Don Graziano Muntoni di Sassari. Da otto anni questo luogo \u00e8 per me pi\u00f9 di una destinazione: \u00e8 uno spazio di incontro, ascolto e vita condivisa. Ogni ritorno \u00e8 occasione per lasciarmi interrogare, per accogliere volti e storie che mi ricordano cosa significa davvero abitare una casa.<\/p>\n\n\n\n<p><strong>Casa\u2026 circondariale<\/strong><\/p>\n\n\n\n<p>\u201cCasa\u201d \u00e8 una parola che profuma di infanzia, di giochi e protezione. Bastava gridarla da bambini per sentirsi salvi. Ma cosa accade quando accanto a quella parola si aggiunge \u201ccircondariale\u201d? Il termine evoca mura, giudizi, libert\u00e0 sospese. Eppure, anche l\u00ec, la parola resiste: casa circondariale. Un paradosso che interroga e invita a guardare pi\u00f9 a fondo. Durante la mia esperienza a Sassari, pi\u00f9 volte mi sono trovata davanti all\u2019ingresso del carcere di Bancali. Ogni volta i miei occhi si fermavano su quella scritta: CASA. E mi chiedevo cosa significhi davvero. Per alcuni \u00e8 un abbraccio, per altri silenzio o assenza. Ma dovrebbe sempre rimandare a dignit\u00e0 e appartenenza. Nel carcere, invece, diventa luogo di pena e solitudine. Eppure, anche l\u00ec, la vita trova spiragli.<\/p>\n\n\n\n<p><strong>Volti e storie<\/strong><\/p>\n\n\n\n<p>C\u2019\u00e8 l\u2019uomo malato che, in permesso presso la comunit\u00e0, volle partecipare alla processione verso il Duomo, nonostante la fatica. C\u2019\u00e8 chi ho riaccompagnato in carcere dopo due giorni di cura. Prima di rientrare ci siamo fermati per un gelato \u2013 il primo dopo anni \u2013 gustato come fosse un tesoro. Mi disse che era detenuto dal 2012 e che forse non sarebbe pi\u00f9 tornato in comunit\u00e0. L\u2019ospedale era la sua unica via d\u2019uscita. Quando l\u2019ho salutato, mi grid\u00f2: \u201cGrazie per tutto.\u201d Ho visto le lacrime sul suo volto, e il peso di quella \u201ccasa\u201d che non libera. Alla Casa di accoglienza Don Graziano Muntoni, invece, si cerca ogni giorno di rendere concreto il senso di casa: rifugio, protezione, famiglia. Persone diverse per et\u00e0 e provenienza si impegnano a renderla viva e generativa. Ma non sempre il ritorno \u00e8 scontato: qualcuno rientra dalla pena nella propria abitazione, altri devono ricominciare da zero perch\u00e9 una casa non ce l\u2019hanno pi\u00f9, o non l\u2019hanno mai avuta. Come Giancarlo, che scontava gli ultimi mesi della pena a casa sua: lo hanno trovato l\u00ec, solo, a 75 anni.<\/p>\n\n\n\n<p><strong>Una parola fragile e potente<\/strong><\/p>\n\n\n\n<p>\u201cCasa\u201d sembra una parola semplice, ma racchiude un mondo fragile e complesso. Eppure, anche nel luogo pi\u00f9 duro, pu\u00f2 sbocciare la speranza. Ogni casa, perfino quella circondariale, pu\u00f2 diventare spazio di incontro e misericordia, se impariamo a guardare l\u2019uomo prima del reato, la persona prima della pena. Cos\u00ec, la parola casa torna a significare vita. Come ricorda il Vangelo: \u201cEro in carcere e siete venuti a trovarmi\u201d (Mt 25,36). Non \u00e8 solo un invito alla visita, ma alla vicinanza, alla dignit\u00e0 restituita.<\/p>\n","protected":false},"excerpt":{"rendered":"<p>Quando l\u2019accoglienza diventa speranza Elena Fabbris Dal 13 al 30 agosto 2025 ho scelto di trascorrere le ferie lontano da Bergamo, dedicandomi ancora una volta al servizio volontario presso la Casa di accoglienza Don Graziano Muntoni di Sassari. Da otto anni questo luogo \u00e8 per me pi\u00f9 di una destinazione: \u00e8 uno spazio di incontro, [&hellip;]<\/p>\n","protected":false},"author":2,"featured_media":390,"comment_status":"open","ping_status":"open","sticky":false,"template":"","format":"standard","meta":{"footnotes":""},"categories":[34],"tags":[],"class_list":{"0":"post-389","1":"post","2":"type-post","3":"status-publish","4":"format-standard","5":"has-post-thumbnail","7":"category-focus-volontari"},"_links":{"self":[{"href":"https:\/\/suoredellepoverelle.it\/rivistacharitas\/index.php\/wp-json\/wp\/v2\/posts\/389","targetHints":{"allow":["GET"]}}],"collection":[{"href":"https:\/\/suoredellepoverelle.it\/rivistacharitas\/index.php\/wp-json\/wp\/v2\/posts"}],"about":[{"href":"https:\/\/suoredellepoverelle.it\/rivistacharitas\/index.php\/wp-json\/wp\/v2\/types\/post"}],"author":[{"embeddable":true,"href":"https:\/\/suoredellepoverelle.it\/rivistacharitas\/index.php\/wp-json\/wp\/v2\/users\/2"}],"replies":[{"embeddable":true,"href":"https:\/\/suoredellepoverelle.it\/rivistacharitas\/index.php\/wp-json\/wp\/v2\/comments?post=389"}],"version-history":[{"count":1,"href":"https:\/\/suoredellepoverelle.it\/rivistacharitas\/index.php\/wp-json\/wp\/v2\/posts\/389\/revisions"}],"predecessor-version":[{"id":391,"href":"https:\/\/suoredellepoverelle.it\/rivistacharitas\/index.php\/wp-json\/wp\/v2\/posts\/389\/revisions\/391"}],"wp:featuredmedia":[{"embeddable":true,"href":"https:\/\/suoredellepoverelle.it\/rivistacharitas\/index.php\/wp-json\/wp\/v2\/media\/390"}],"wp:attachment":[{"href":"https:\/\/suoredellepoverelle.it\/rivistacharitas\/index.php\/wp-json\/wp\/v2\/media?parent=389"}],"wp:term":[{"taxonomy":"category","embeddable":true,"href":"https:\/\/suoredellepoverelle.it\/rivistacharitas\/index.php\/wp-json\/wp\/v2\/categories?post=389"},{"taxonomy":"post_tag","embeddable":true,"href":"https:\/\/suoredellepoverelle.it\/rivistacharitas\/index.php\/wp-json\/wp\/v2\/tags?post=389"}],"curies":[{"name":"wp","href":"https:\/\/api.w.org\/{rel}","templated":true}]}}