{"id":383,"date":"2025-11-25T13:45:42","date_gmt":"2025-11-25T13:45:42","guid":{"rendered":"https:\/\/suoredellepoverelle.it\/rivistacharitas\/?p=383"},"modified":"2025-11-27T08:45:33","modified_gmt":"2025-11-27T08:45:33","slug":"dove-il-tuo-tesoro","status":"publish","type":"post","link":"https:\/\/suoredellepoverelle.it\/rivistacharitas\/index.php\/2025\/11\/25\/dove-il-tuo-tesoro\/","title":{"rendered":"DOV\u2019E\u2019 IL TUO TESORO?"},"content":{"rendered":"\n<p>\u201c<em>Vendete ci\u00f2 che possedete e datelo in elemosina; fatevi borse che non invecchiano, un tesoro sicuro nei cieli, dove ladro non arriva e tarlo non consuma.\u00a0Perch\u00e9, dov&#8217;\u00e8 il vostro tesoro, l\u00e0 sar\u00e0 anche il vostro cuore.\u201d Lc 12,33-34<\/em> &#8211; <em>Il 3 agosto un gruppo di 15 giovani, 3 sacerdoti e 2 suore delle Poverelle \u00e8 partito da Milano Malpensa con destinazione Costa d\u2019Avorio.<\/em><\/p>\n\n\n\n<p><em><span style=\"background-color:#f7cc62\" class=\"td_text_highlight_marker\">Matteo Cortinovis<\/span><\/em><\/p>\n\n\n\n<p>Dopo uno scalo a Tunisi, siamo arrivati a Maf\u00e9r\u00e9, dove le suore ci hanno accolti e ospitati per due settimane nella loro comunit\u00e0, attiva nell\u2019istruzione e nel sostegno ai bambini. Sin dal primo giorno abbiamo percepito la forza del loro \u201cAkwaba\u201d \u2013 benvenuto \u2013 che ci ha fatto sentire parte di una grande famiglia. Non \u00e8 stato semplice abituarsi a un contesto povero, fatto di acqua fredda, cibo diverso, connessioni limitate e case malmesse. Ma questa realt\u00e0, cos\u00ec distante dalla nostra, ci ha insegnato a guardare con occhi nuovi. Abbiamo vissuto momenti intensi: la visita al villaggio, l\u2019incontro con i bambini e i loro abbracci spontanei; il rituale di benvenuto del capo villaggio; la festa dell\u2019indipendenza con sfilate e danze; la Messa e il pranzo a Baffia. Abbiamo conosciuto anche l\u2019altra faccia del Paese, visitando due aziende presenti sul territorio ivoriano per far luce anche sulla realt\u00e0 economico \u2013 produttiva del paese: l\u2019Oreal, impegnata nella produzione di acqua potabile e la PALMCI, una delle pi\u00f9 grandi imprese nazionali, dedita alla raccolta e alla produzione di olio di palma. Siamo inoltre entrati in contatto con una realt\u00e0 ben diversa da quella economica, raggiungendo un&#8217;altra struttura costruita dalle suore delle Poverelle: l\u2019orfanotrofio, e toccando con mano la dedizione delle suore in questa casa, dove neonati e bambini trovano cura e speranza. Ferragosto \u00e8 stato un momento speciale: la Messa dell\u2019Assunzione, ricca di canti e danze, ci ha fatto sperimentare una comunit\u00e0 vivace e inclusiva. Ogni giorno, al rientro, giocavamo con i ragazzi del villaggio e la sera concludevamo con la preghiera, creando legami autentici. Abbiamo anche contribuito con lavori pratici: raccolta rifiuti e pulizia degli spazi scolastici, piccoli gesti per lasciare un segno concreto. Questa esperienza \u00e8 stata un viaggio esteriore ma soprattutto interiore: ha smosso domande, emozioni, riflessioni profonde. I sorrisi dei bambini, la gioia nelle piccole cose, la forza di una comunit\u00e0 unita ci hanno insegnato che la vera ricchezza non \u00e8 materiale. Siamo partiti con l\u2019idea di aiutare, ma siamo tornati trasformati: pi\u00f9 ricchi di vita, di energia, di amore. Non abbiamo cambiato l\u2019Africa, ma l\u2019Africa ha cambiato noi.<\/p>\n","protected":false},"excerpt":{"rendered":"<p>\u201cVendete ci\u00f2 che possedete e datelo in elemosina; fatevi borse che non invecchiano, un tesoro sicuro nei cieli, dove ladro non arriva e tarlo non consuma.\u00a0Perch\u00e9, dov&#8217;\u00e8 il vostro tesoro, l\u00e0 sar\u00e0 anche il vostro cuore.\u201d Lc 12,33-34 &#8211; Il 3 agosto un gruppo di 15 giovani, 3 sacerdoti e 2 suore delle Poverelle \u00e8 [&hellip;]<\/p>\n","protected":false},"author":2,"featured_media":387,"comment_status":"closed","ping_status":"closed","sticky":false,"template":"","format":"standard","meta":{"footnotes":""},"categories":[34,38],"tags":[],"class_list":{"0":"post-383","1":"post","2":"type-post","3":"status-publish","4":"format-standard","5":"has-post-thumbnail","7":"category-focus-volontari","8":"category-in-questo-numero"},"_links":{"self":[{"href":"https:\/\/suoredellepoverelle.it\/rivistacharitas\/index.php\/wp-json\/wp\/v2\/posts\/383","targetHints":{"allow":["GET"]}}],"collection":[{"href":"https:\/\/suoredellepoverelle.it\/rivistacharitas\/index.php\/wp-json\/wp\/v2\/posts"}],"about":[{"href":"https:\/\/suoredellepoverelle.it\/rivistacharitas\/index.php\/wp-json\/wp\/v2\/types\/post"}],"author":[{"embeddable":true,"href":"https:\/\/suoredellepoverelle.it\/rivistacharitas\/index.php\/wp-json\/wp\/v2\/users\/2"}],"replies":[{"embeddable":true,"href":"https:\/\/suoredellepoverelle.it\/rivistacharitas\/index.php\/wp-json\/wp\/v2\/comments?post=383"}],"version-history":[{"count":2,"href":"https:\/\/suoredellepoverelle.it\/rivistacharitas\/index.php\/wp-json\/wp\/v2\/posts\/383\/revisions"}],"predecessor-version":[{"id":388,"href":"https:\/\/suoredellepoverelle.it\/rivistacharitas\/index.php\/wp-json\/wp\/v2\/posts\/383\/revisions\/388"}],"wp:featuredmedia":[{"embeddable":true,"href":"https:\/\/suoredellepoverelle.it\/rivistacharitas\/index.php\/wp-json\/wp\/v2\/media\/387"}],"wp:attachment":[{"href":"https:\/\/suoredellepoverelle.it\/rivistacharitas\/index.php\/wp-json\/wp\/v2\/media?parent=383"}],"wp:term":[{"taxonomy":"category","embeddable":true,"href":"https:\/\/suoredellepoverelle.it\/rivistacharitas\/index.php\/wp-json\/wp\/v2\/categories?post=383"},{"taxonomy":"post_tag","embeddable":true,"href":"https:\/\/suoredellepoverelle.it\/rivistacharitas\/index.php\/wp-json\/wp\/v2\/tags?post=383"}],"curies":[{"name":"wp","href":"https:\/\/api.w.org\/{rel}","templated":true}]}}