{"id":377,"date":"2025-11-25T13:39:36","date_gmt":"2025-11-25T13:39:36","guid":{"rendered":"https:\/\/suoredellepoverelle.it\/rivistacharitas\/?p=377"},"modified":"2025-11-25T15:39:18","modified_gmt":"2025-11-25T15:39:18","slug":"dal-cuore-dellitalia-alle-ande-del-peru-un-viaggio-che-cambia-la-vita","status":"publish","type":"post","link":"https:\/\/suoredellepoverelle.it\/rivistacharitas\/index.php\/2025\/11\/25\/dal-cuore-dellitalia-alle-ande-del-peru-un-viaggio-che-cambia-la-vita\/","title":{"rendered":"DAL CUORE DELL\u2019ITALIA ALLE ANDE DEL PER\u00d9: UN VIAGGIO CHE CAMBIA LA VITA"},"content":{"rendered":"\n<p><span style=\"background-color:#f7cc62\" class=\"td_text_highlight_marker\">Annarita<\/span><\/p>\n\n\n\n<p><strong>Un incontro che cambia tutto<\/strong><\/p>\n\n\n\n<p>Partire per il Per\u00f9 non \u00e8 stato solo prendere un aereo. \u00c8 stato entrare in un mondo nuovo, pieno di colori, sorrisi e paesaggi che sembrano dipinti. Dentro di me c\u2019era una grande curiosit\u00e0: non volevo solo visitare un luogo, ma incontrare persone e vivere esperienze autentiche. Il mio viaggio \u00e8 iniziato grazie a una persona speciale: Suor Romina, una delle Suore delle Poverelle, che da bambina era stata la mia maestra. Dopo tanti anni ci siamo ritrovate, e da quell\u2019incontro \u00e8 nato il sogno di raggiungerla in missione, nella sua terra d\u2019adozione: il Per\u00f9.<\/p>\n\n\n\n<p><strong>Chiclayo: il battito del Nord<\/strong><\/p>\n\n\n\n<p>La mia prima tappa \u00e8 stata Chiclayo, una citt\u00e0 del nord che mi ha conquistata subito. Non \u00e8 una meta turistica, ma proprio per questo \u00e8 autentica e viva. Tra i mercati colorati e il caos delle strade, ho scoperto la forza della gente e l\u2019impegno delle Suore delle Poverelle, che vivono davvero accanto ai pi\u00f9 poveri, condividendo ogni giorno la loro realt\u00e0. Con loro ho visitato luoghi speciali, come il Museo Tumbas Reales de Sip\u00e1n, che racconta la storia di antiche civilt\u00e0, e assaggiato il mio primo ceviche: un piatto di pesce crudo marinato nel lime che racchiude tutto il sapore del Per\u00f9. Chiclayo mi ha insegnato che un viaggio vero non si misura in monumenti, ma negli incontri.<\/p>\n\n\n\n<p><strong>Pimpingos: la vita semplice che riempie il cuore<\/strong><\/p>\n\n\n\n<p>Poi \u00e8 iniziato il viaggio verso la Sierra, le montagne del Per\u00f9, fino a Pimpingos, un piccolo villaggio andino. Il tragitto, fatto di curve infinite e panorami mozzafiato, \u00e8 stato anche un viaggio interiore. Ero con Suor Romina: guardandola, sentivo che la vita ci aveva fatte incontrare di nuovo per un motivo. Pimpingos \u00e8 un luogo sospeso tra cielo e terra. Case di fango, campi verdi e il profumo del caff\u00e8 essiccato al sole. Qui la vita scorre lenta, scandita dal canto dei galli e dal lavoro nei campi. Con le suore ho partecipato alla vita della comunit\u00e0: visitavamo famiglie, aiutavamo i bambini con i compiti, giocavamo e condividevamo i pasti. Le persone mi hanno insegnato tanto: la forza di chi vive con poco ma dona tutto, la ricchezza della semplicit\u00e0, la bellezza dei gesti quotidiani. Nonostante le difficolt\u00e0, nei loro occhi c\u2019era sempre un sorriso sincero. E i bambini, con la loro curiosit\u00e0 e le loro domande (\u201cCom\u2019\u00e8 la pizza in Italia?\u201d), mi hanno rubato il cuore.<\/p>\n\n\n\n<p><strong>Il Per\u00f9 nel cuore<\/strong><\/p>\n\n\n\n<p>Tra le montagne ho imparato che la felicit\u00e0 non sta nel possedere, ma nel vivere con gratitudine. Che il tempo non deve essere solo produttivit\u00e0, ma presenza. E che la semplicit\u00e0 pu\u00f2 essere una forma di libert\u00e0. Quando \u00e8 arrivato il momento di tornare, ho sentito una malinconia dolce. Il Per\u00f9 mi ha lasciato dentro una nuova consapevolezza: viaggiare non \u00e8 scappare, ma ascoltare. \u00c8 lasciarsi cambiare dalle persone che si incontrano. Oggi, se chiudo gli occhi, sento ancora il vento delle Ande e le risate dei bambini di Pimpingos. So che quel viaggio non \u00e8 finito: continua ogni volta che scelgo di vivere con pi\u00f9 semplicit\u00e0, lentezza e gratitudine. Il Per\u00f9 \u00e8 entrato nel mio cuore, e da l\u00ec non se ne andr\u00e0 pi\u00f9.<\/p>\n","protected":false},"excerpt":{"rendered":"<p>Annarita Un incontro che cambia tutto Partire per il Per\u00f9 non \u00e8 stato solo prendere un aereo. \u00c8 stato entrare in un mondo nuovo, pieno di colori, sorrisi e paesaggi che sembrano dipinti. Dentro di me c\u2019era una grande curiosit\u00e0: non volevo solo visitare un luogo, ma incontrare persone e vivere esperienze autentiche. Il mio [&hellip;]<\/p>\n","protected":false},"author":2,"featured_media":378,"comment_status":"closed","ping_status":"closed","sticky":false,"template":"","format":"standard","meta":{"footnotes":""},"categories":[38,31],"tags":[],"class_list":{"0":"post-377","1":"post","2":"type-post","3":"status-publish","4":"format-standard","5":"has-post-thumbnail","7":"category-in-questo-numero","8":"category-spazio-giovani"},"_links":{"self":[{"href":"https:\/\/suoredellepoverelle.it\/rivistacharitas\/index.php\/wp-json\/wp\/v2\/posts\/377","targetHints":{"allow":["GET"]}}],"collection":[{"href":"https:\/\/suoredellepoverelle.it\/rivistacharitas\/index.php\/wp-json\/wp\/v2\/posts"}],"about":[{"href":"https:\/\/suoredellepoverelle.it\/rivistacharitas\/index.php\/wp-json\/wp\/v2\/types\/post"}],"author":[{"embeddable":true,"href":"https:\/\/suoredellepoverelle.it\/rivistacharitas\/index.php\/wp-json\/wp\/v2\/users\/2"}],"replies":[{"embeddable":true,"href":"https:\/\/suoredellepoverelle.it\/rivistacharitas\/index.php\/wp-json\/wp\/v2\/comments?post=377"}],"version-history":[{"count":1,"href":"https:\/\/suoredellepoverelle.it\/rivistacharitas\/index.php\/wp-json\/wp\/v2\/posts\/377\/revisions"}],"predecessor-version":[{"id":379,"href":"https:\/\/suoredellepoverelle.it\/rivistacharitas\/index.php\/wp-json\/wp\/v2\/posts\/377\/revisions\/379"}],"wp:featuredmedia":[{"embeddable":true,"href":"https:\/\/suoredellepoverelle.it\/rivistacharitas\/index.php\/wp-json\/wp\/v2\/media\/378"}],"wp:attachment":[{"href":"https:\/\/suoredellepoverelle.it\/rivistacharitas\/index.php\/wp-json\/wp\/v2\/media?parent=377"}],"wp:term":[{"taxonomy":"category","embeddable":true,"href":"https:\/\/suoredellepoverelle.it\/rivistacharitas\/index.php\/wp-json\/wp\/v2\/categories?post=377"},{"taxonomy":"post_tag","embeddable":true,"href":"https:\/\/suoredellepoverelle.it\/rivistacharitas\/index.php\/wp-json\/wp\/v2\/tags?post=377"}],"curies":[{"name":"wp","href":"https:\/\/api.w.org\/{rel}","templated":true}]}}