{"id":371,"date":"2025-11-25T13:29:45","date_gmt":"2025-11-25T13:29:45","guid":{"rendered":"https:\/\/suoredellepoverelle.it\/rivistacharitas\/?p=371"},"modified":"2025-11-25T13:29:46","modified_gmt":"2025-11-25T13:29:46","slug":"una-luce-inaspettata-il-nostro-campo-ado-a-sassari","status":"publish","type":"post","link":"https:\/\/suoredellepoverelle.it\/rivistacharitas\/index.php\/2025\/11\/25\/una-luce-inaspettata-il-nostro-campo-ado-a-sassari\/","title":{"rendered":"UNA LUCE INASPETTATA: IL NOSTRO CAMPO ADO A SASSARI"},"content":{"rendered":"\n<p><em>Un gruppo di adolescenti dell\u2019Oratorio San Giovanni XXIII di Ponte San Pietro (BG) ha scelto di vivere un camposcuola a Sassari, presso la comunit\u00e0 Don Graziano Muntoni, dove \u00e8 presente una piccola comunit\u00e0 delle Suore delle Poverelle.<\/em><\/p>\n\n\n\n<p><span style=\"background-color:#f7cc62\" class=\"td_text_highlight_marker\">Don Marco<\/span><\/p>\n\n\n\n<p>Accompagnare i nostri ragazzi in esperienze e incontri cos\u00ec ricchi di significato, come quello vissuto quest\u2019estate grazie alla disponibilit\u00e0 e all\u2019accoglienza delle Suore Poverelle, \u00e8 stata una grande gioia. Come prete mi sono sentito davvero ospitato e parte di una famiglia capace di allargarsi: la famiglia del nostro Oratorio e della nostra Parrocchia si \u00e8 intrecciata con quella della Comunit\u00e0 Don Graziano Muntoni e, pi\u00f9 in generale, con quella delle Suore Poverelle. Esse ci hanno mostrato un cuore appassionato e ricco di amicizia cristiana: un cuore che anima, scalda e muove una comunit\u00e0 capace di restituire valore e dignit\u00e0 ad ogni persona, a partire da chi \u00e8 smarrito, dimenticato o escluso, e da chi ha sbagliato ma per il quale vale sempre la pena non perdere la speranza, come ci insegna il Signore. In questo camposcuola abbiamo vissuto mille occasioni, affrontato mille sfide e ricevuto mille insegnamenti. Durante i giorni trascorsi insieme non siamo riusciti a coglierne fino in fondo tutto il valore, n\u00e9 a raccoglierne completamente i frutti. Ma anche il tempo del ricordo \u00e8 prezioso: ci offre la possibilit\u00e0 di riconsiderare, interiorizzare e custodire ci\u00f2 che abbiamo vissuto.<\/p>\n\n\n\n<p><span style=\"background-color:#f7cc62\" class=\"td_text_highlight_marker\">Sofia e Tommaso<\/span><\/p>\n\n\n\n<p>Il camposcuola di quest\u2019anno, vissuto presso la comunit\u00e0 di Sassari, \u00e8 stato per noi un\u2019esperienza unica, diversa dal solito e piena di sorprese. Siamo partiti con un po\u2019 di pregiudizi e con l\u2019idea che sarebbe stato difficile entrare in sintonia con una realt\u00e0 cos\u00ec lontana dalla nostra vita quotidiana. In realt\u00e0, ci siamo resi conto che solo mettendoci in gioco fino in fondo e vivendo l\u2019avventura senza riserve potevamo davvero imparare qualcosa di nuovo.<br>Nella comunit\u00e0 abbiamo trovato pazienza, dedizione e una grande attenzione verso chi sta cercando di riprendere in mano la propria vita. Persone che, giorno dopo giorno, lottano per cambiare in meglio. Ci ha colpito come attivit\u00e0 che a noi sembrano banali \u2013 come i pasti condivisi o le pulizie \u2013 in realt\u00e0 siano fondamentali per il reinserimento nella vita di tutti i giorni. Vedere come queste piccole cose possano ridare dignit\u00e0 ci ha fatto aprire gli occhi.<br>Ci\u00f2 che pi\u00f9 ci ha segnati, per\u00f2, sono stati i momenti di dialogo: le chiacchierate con chi, dopo aver conosciuto il buio della violenza e del crimine, oggi prova a camminare verso la luce. In quei sorrisi e in quegli sguardi abbiamo visto speranza, e ci \u00e8 sembrato di parlare con amici che conoscevamo da sempre.<br>Da questa esperienza ci portiamo a casa la consapevolezza che nessuno nasce cattivo: tutti possiamo sbagliare, ma tutti possiamo anche trovare la luce se qualcuno ci accompagna. E forse, per un piccolo tratto di strada, siamo stati proprio noi ad accendere quella luce insieme a loro.<\/p>\n","protected":false},"excerpt":{"rendered":"<p>Un gruppo di adolescenti dell\u2019Oratorio San Giovanni XXIII di Ponte San Pietro (BG) ha scelto di vivere un camposcuola a Sassari, presso la comunit\u00e0 Don Graziano Muntoni, dove \u00e8 presente una piccola comunit\u00e0 delle Suore delle Poverelle. Don Marco Accompagnare i nostri ragazzi in esperienze e incontri cos\u00ec ricchi di significato, come quello vissuto quest\u2019estate [&hellip;]<\/p>\n","protected":false},"author":2,"featured_media":372,"comment_status":"open","ping_status":"open","sticky":false,"template":"","format":"standard","meta":{"footnotes":""},"categories":[31],"tags":[],"class_list":{"0":"post-371","1":"post","2":"type-post","3":"status-publish","4":"format-standard","5":"has-post-thumbnail","7":"category-spazio-giovani"},"_links":{"self":[{"href":"https:\/\/suoredellepoverelle.it\/rivistacharitas\/index.php\/wp-json\/wp\/v2\/posts\/371","targetHints":{"allow":["GET"]}}],"collection":[{"href":"https:\/\/suoredellepoverelle.it\/rivistacharitas\/index.php\/wp-json\/wp\/v2\/posts"}],"about":[{"href":"https:\/\/suoredellepoverelle.it\/rivistacharitas\/index.php\/wp-json\/wp\/v2\/types\/post"}],"author":[{"embeddable":true,"href":"https:\/\/suoredellepoverelle.it\/rivistacharitas\/index.php\/wp-json\/wp\/v2\/users\/2"}],"replies":[{"embeddable":true,"href":"https:\/\/suoredellepoverelle.it\/rivistacharitas\/index.php\/wp-json\/wp\/v2\/comments?post=371"}],"version-history":[{"count":1,"href":"https:\/\/suoredellepoverelle.it\/rivistacharitas\/index.php\/wp-json\/wp\/v2\/posts\/371\/revisions"}],"predecessor-version":[{"id":373,"href":"https:\/\/suoredellepoverelle.it\/rivistacharitas\/index.php\/wp-json\/wp\/v2\/posts\/371\/revisions\/373"}],"wp:featuredmedia":[{"embeddable":true,"href":"https:\/\/suoredellepoverelle.it\/rivistacharitas\/index.php\/wp-json\/wp\/v2\/media\/372"}],"wp:attachment":[{"href":"https:\/\/suoredellepoverelle.it\/rivistacharitas\/index.php\/wp-json\/wp\/v2\/media?parent=371"}],"wp:term":[{"taxonomy":"category","embeddable":true,"href":"https:\/\/suoredellepoverelle.it\/rivistacharitas\/index.php\/wp-json\/wp\/v2\/categories?post=371"},{"taxonomy":"post_tag","embeddable":true,"href":"https:\/\/suoredellepoverelle.it\/rivistacharitas\/index.php\/wp-json\/wp\/v2\/tags?post=371"}],"curies":[{"name":"wp","href":"https:\/\/api.w.org\/{rel}","templated":true}]}}