{"id":368,"date":"2025-11-25T13:24:01","date_gmt":"2025-11-25T13:24:01","guid":{"rendered":"https:\/\/suoredellepoverelle.it\/rivistacharitas\/?p=368"},"modified":"2025-11-25T13:24:02","modified_gmt":"2025-11-25T13:24:02","slug":"una-vacanza-alternativa","status":"publish","type":"post","link":"https:\/\/suoredellepoverelle.it\/rivistacharitas\/index.php\/2025\/11\/25\/una-vacanza-alternativa\/","title":{"rendered":"UNA VACANZA ALTERNATIVA"},"content":{"rendered":"\n<p><em><span style=\"background-color:#f7cc62\" class=\"td_text_highlight_marker\">Elena e Miriam<\/span><\/em><\/p>\n\n\n\n<p>Quest\u2019estate abbiamo vissuto un\u2019esperienza che non dimenticheremo mai: una settimana di vacanza a Senigallia insieme ad alcuni ospiti disabili della Residenza per disabili di Grumello del Monte, altre ragazze come noi e tre suore pronte a condividere con noi ogni momento.<\/p>\n\n\n\n<p>Siamo partiti come un gruppo di persone quasi sconosciute, con storie e modi di fare diversi, ma giorno dopo giorno ci siamo ritrovati sempre pi\u00f9 uniti, fino a diventare una vera famiglia. \u00c8 stato incredibile scoprire come la pazienza, l\u2019ascolto e la voglia di stare insieme possano trasformare qualsiasi difficolt\u00e0 in occasione di crescita. Un po\u2019 come in una partita a palla: \u00e8 pi\u00f9 bello giocare insieme che da soli, anche se a volte significa mettersi da parte per valorizzare gli altri.<\/p>\n\n\n\n<p>La cosa pi\u00f9 bella? Ricevere. S\u00ec, perch\u00e9 le persone che abbiamo incontrato ci hanno donato una felicit\u00e0 autentica, fatta di sorrisi spontanei, risate contagiose e piccoli gesti che ti scaldano il cuore. Con loro abbiamo capito che la diversit\u00e0 non \u00e8 un limite, ma una ricchezza immensa, capace di farci guardare il mondo con occhi nuovi.<\/p>\n\n\n\n<p>Senigallia ci ha regalato paesaggi stupendi, ma a renderla speciale sono state le persone. Siamo tornati alle nostre vite, ma dentro di noi porteremo sempre le emozioni di quella settimana e la speranza di poterle rivivere ancora.<\/p>\n","protected":false},"excerpt":{"rendered":"<p>Elena e Miriam Quest\u2019estate abbiamo vissuto un\u2019esperienza che non dimenticheremo mai: una settimana di vacanza a Senigallia insieme ad alcuni ospiti disabili della Residenza per disabili di Grumello del Monte, altre ragazze come noi e tre suore pronte a condividere con noi ogni momento. Siamo partiti come un gruppo di persone quasi sconosciute, con storie [&hellip;]<\/p>\n","protected":false},"author":2,"featured_media":369,"comment_status":"open","ping_status":"open","sticky":false,"template":"","format":"standard","meta":{"footnotes":""},"categories":[31],"tags":[],"class_list":{"0":"post-368","1":"post","2":"type-post","3":"status-publish","4":"format-standard","5":"has-post-thumbnail","7":"category-spazio-giovani"},"_links":{"self":[{"href":"https:\/\/suoredellepoverelle.it\/rivistacharitas\/index.php\/wp-json\/wp\/v2\/posts\/368","targetHints":{"allow":["GET"]}}],"collection":[{"href":"https:\/\/suoredellepoverelle.it\/rivistacharitas\/index.php\/wp-json\/wp\/v2\/posts"}],"about":[{"href":"https:\/\/suoredellepoverelle.it\/rivistacharitas\/index.php\/wp-json\/wp\/v2\/types\/post"}],"author":[{"embeddable":true,"href":"https:\/\/suoredellepoverelle.it\/rivistacharitas\/index.php\/wp-json\/wp\/v2\/users\/2"}],"replies":[{"embeddable":true,"href":"https:\/\/suoredellepoverelle.it\/rivistacharitas\/index.php\/wp-json\/wp\/v2\/comments?post=368"}],"version-history":[{"count":1,"href":"https:\/\/suoredellepoverelle.it\/rivistacharitas\/index.php\/wp-json\/wp\/v2\/posts\/368\/revisions"}],"predecessor-version":[{"id":370,"href":"https:\/\/suoredellepoverelle.it\/rivistacharitas\/index.php\/wp-json\/wp\/v2\/posts\/368\/revisions\/370"}],"wp:featuredmedia":[{"embeddable":true,"href":"https:\/\/suoredellepoverelle.it\/rivistacharitas\/index.php\/wp-json\/wp\/v2\/media\/369"}],"wp:attachment":[{"href":"https:\/\/suoredellepoverelle.it\/rivistacharitas\/index.php\/wp-json\/wp\/v2\/media?parent=368"}],"wp:term":[{"taxonomy":"category","embeddable":true,"href":"https:\/\/suoredellepoverelle.it\/rivistacharitas\/index.php\/wp-json\/wp\/v2\/categories?post=368"},{"taxonomy":"post_tag","embeddable":true,"href":"https:\/\/suoredellepoverelle.it\/rivistacharitas\/index.php\/wp-json\/wp\/v2\/tags?post=368"}],"curies":[{"name":"wp","href":"https:\/\/api.w.org\/{rel}","templated":true}]}}