{"id":342,"date":"2025-11-23T14:34:14","date_gmt":"2025-11-23T14:34:14","guid":{"rendered":"https:\/\/suoredellepoverelle.it\/rivistacharitas\/?p=342"},"modified":"2025-11-25T15:44:51","modified_gmt":"2025-11-25T15:44:51","slug":"in-cammino-con-gesu","status":"publish","type":"post","link":"https:\/\/suoredellepoverelle.it\/rivistacharitas\/index.php\/2025\/11\/23\/in-cammino-con-gesu\/","title":{"rendered":"IN CAMMINO CON GES\u00d9"},"content":{"rendered":"\n<h2 class=\"wp-block-heading\"><strong>Festa, preghiera e speranza all\u2019VIII Capitolo provinciale d\u2019Africa<\/strong><\/h2>\n\n\n\n<p><em><span style=\"background-color:#f7cc62\" class=\"td_text_highlight_marker\">Suor Amelia Gurini<\/span><\/em><\/p>\n\n\n\n<p>Un\u2019accoglienza carica di gioia e di colori ha dato il via all\u2019VIII Capitolo Provinciale delle Suore delle Poverelle in Africa. A Mont-Ngafula (Congo), presso la Casa Madre Gesuelda, le sorelle delegate sono state accolte con canti e danze dalle postulanti, dalle novizie e dalle comunit\u00e0 formative: un abbraccio festoso che ha dato subito il tono a questi giorni di grazia e di fraternit\u00e0.<\/p>\n\n\n\n<p>A rendere ancora pi\u00f9 significativo l\u2019incontro, la presenza della Madre Generale, suor Marilina Monzani, e della segretaria e consigliera generale, suor Elvira Lijoi, giunte dall\u2019Italia per accompagnare il cammino capitolare.<\/p>\n\n\n\n<p>Il tema scelto per questa tappa importante \u00e8 stato chiaro e incisivo: <strong>\u201cIn cammino con Ges\u00f9 per essere casa di misericordia e di speranza\u201d<\/strong>. Tutte le fasi del Capitolo si sono svolte con seriet\u00e0 e fedelt\u00e0 al Carisma, ma soprattutto in un clima di preghiera profonda, ricerca comune e dialogo fraterno.<\/p>\n\n\n\n<p>Momento centrale \u00e8 stata la fase elettiva, che ha visto la nascita del nuovo governo provinciale:<\/p>\n\n\n\n<ul class=\"wp-block-list\">\n<li><strong>Sr Annie Mumbemba<\/strong>, Superiora Provinciale<\/li>\n\n\n\n<li><strong>Sr Claudia Nicoli<\/strong> (eletta anche Vicaria Provinciale)<\/li>\n\n\n\n<li><strong>Sr Agnes Sib Ini<\/strong> (Costa d\u2019Avorio)<\/li>\n\n\n\n<li><strong>Sr Suzanna Mbenza<\/strong><\/li>\n\n\n\n<li><strong>Sr Sidonie Ngyama<\/strong><\/li>\n<\/ul>\n\n\n\n<p>Un grande grazie \u00e8 andato a ciascuna di loro per la disponibilit\u00e0 a servire la Provincia e la missione del Regno di Dio.<\/p>\n\n\n\n<p>Il Capitolo si \u00e8 concluso nel segno della festa e della gratitudine: canti di lode, tamburi e danze hanno reso vivo il ringraziamento di tutte le sorelle per i giorni vissuti insieme.<\/p>\n\n\n\n<p>Con fiducia, la Famiglia palazzoliana in Africa affida ora al Signore il nuovo cammino: che sia un tempo di fedelt\u00e0, coraggio e unit\u00e0, capace di portare speranza e novit\u00e0 a tutte le comunit\u00e0 e a quanti, ogni giorno, attendono una mano tesa di misericordia.<\/p>\n\n\n\n<p><\/p>\n","protected":false},"excerpt":{"rendered":"<p>Festa, preghiera e speranza all\u2019VIII Capitolo provinciale d\u2019Africa Suor Amelia Gurini Un\u2019accoglienza carica di gioia e di colori ha dato il via all\u2019VIII Capitolo Provinciale delle Suore delle Poverelle in Africa. A Mont-Ngafula (Congo), presso la Casa Madre Gesuelda, le sorelle delegate sono state accolte con canti e danze dalle postulanti, dalle novizie e dalle [&hellip;]<\/p>\n","protected":false},"author":2,"featured_media":344,"comment_status":"open","ping_status":"open","sticky":false,"template":"","format":"standard","meta":{"footnotes":""},"categories":[39],"tags":[],"class_list":{"0":"post-342","1":"post","2":"type-post","3":"status-publish","4":"format-standard","5":"has-post-thumbnail","7":"category-nella-chiesa"},"_links":{"self":[{"href":"https:\/\/suoredellepoverelle.it\/rivistacharitas\/index.php\/wp-json\/wp\/v2\/posts\/342","targetHints":{"allow":["GET"]}}],"collection":[{"href":"https:\/\/suoredellepoverelle.it\/rivistacharitas\/index.php\/wp-json\/wp\/v2\/posts"}],"about":[{"href":"https:\/\/suoredellepoverelle.it\/rivistacharitas\/index.php\/wp-json\/wp\/v2\/types\/post"}],"author":[{"embeddable":true,"href":"https:\/\/suoredellepoverelle.it\/rivistacharitas\/index.php\/wp-json\/wp\/v2\/users\/2"}],"replies":[{"embeddable":true,"href":"https:\/\/suoredellepoverelle.it\/rivistacharitas\/index.php\/wp-json\/wp\/v2\/comments?post=342"}],"version-history":[{"count":1,"href":"https:\/\/suoredellepoverelle.it\/rivistacharitas\/index.php\/wp-json\/wp\/v2\/posts\/342\/revisions"}],"predecessor-version":[{"id":345,"href":"https:\/\/suoredellepoverelle.it\/rivistacharitas\/index.php\/wp-json\/wp\/v2\/posts\/342\/revisions\/345"}],"wp:featuredmedia":[{"embeddable":true,"href":"https:\/\/suoredellepoverelle.it\/rivistacharitas\/index.php\/wp-json\/wp\/v2\/media\/344"}],"wp:attachment":[{"href":"https:\/\/suoredellepoverelle.it\/rivistacharitas\/index.php\/wp-json\/wp\/v2\/media?parent=342"}],"wp:term":[{"taxonomy":"category","embeddable":true,"href":"https:\/\/suoredellepoverelle.it\/rivistacharitas\/index.php\/wp-json\/wp\/v2\/categories?post=342"},{"taxonomy":"post_tag","embeddable":true,"href":"https:\/\/suoredellepoverelle.it\/rivistacharitas\/index.php\/wp-json\/wp\/v2\/tags?post=342"}],"curies":[{"name":"wp","href":"https:\/\/api.w.org\/{rel}","templated":true}]}}